{"id":508,"date":"2011-03-27T14:53:00","date_gmt":"2011-03-27T14:53:00","guid":{"rendered":"http:\/\/www.toque-musicall.com\/?p=508"},"modified":"2011-03-27T14:53:00","modified_gmt":"2011-03-27T14:53:00","slug":"joel-nascimento-meu-sonho-1978","status":"publish","type":"post","link":"https:\/\/www.toque-musicall.com\/?p=508","title":{"rendered":"Joel Nascimento &#8211; Meu Sonho (1978)"},"content":{"rendered":"<div align=\"left\"><img decoding=\"async\" style=\"text-align: center; margin: 0px auto 10px; width: 395px; display: block; height: 400px;\" id=\"BLOGGER_PHOTO_ID_5588773093912135266\" alt=\"\" src=\"http:\/\/2.bp.blogspot.com\/-PJM2iiUOYVQ\/TY9PhLDkxmI\/AAAAAAAAH2s\/K3MFAv-HKk0\/s400\/joel+P.JPG\" border=\"0\" \/>Como eu havia dito, na sequ\u00eancia ter\u00edamos m\u00fasica. Se voc\u00eas n\u00e3o relaxaram na ioga, ent\u00e3o tentemos pela m\u00fasica. Que tal um instrumental bem brasileiro? Vamos nessa, com o bandolinista Joel Nascimento, um dos grandes nomes da leg\u00edtima m\u00fasica instrumental brasileira. Joel \u00e9 uma fera do bandolim e neste seu terceiro \u00e1lbum, lan\u00e7ado em 1978, segundo o S\u00e9rgio Cabral, ele procura em cada uma das m\u00fasicas homenagear o artista brasileiro. S\u00e3o doze faixas, das quais apenas a que d\u00e1 nome ao \u00e1lbum \u00e9 de sua autoria. As demais s\u00e3o composi\u00e7\u00f5es conhecidas, algumas at\u00e9 cl\u00e1ssicos da nossa MPB. Ele conta com a participa\u00e7\u00e3o de outras feras da nossa m\u00fasica, como Geraldo Vespar e Luiz Roberto que cuidaram da orquestra\u00e7\u00e3o e reg\u00eancia. H\u00e9lio Delmiro, Pedro Santos (Sorongo), Neco, Wilson das Neves e outros grandes m\u00fasicos fazem parte tamb\u00e9m deste sonho de Joel Nascimento. Sem d\u00favida, um lp e tanto, bem produzido e principalmente, bem tocado. \u00c9 ouvir e gostar \ud83d\ude09 Confiram, n\u00e3o tem erro&#8230; (s\u00f3 aqui)<\/div>\n<p><\/p>\n<div align=\"left\"><\/div>\n<div align=\"center\">meu sonho<\/div>\n<div align=\"center\">as rosas n\u00e3o falam<\/div>\n<div align=\"center\">bala com bala<\/div>\n<div align=\"center\">amigos<\/div>\n<div align=\"center\">coincid\u00eancia<\/div>\n<div align=\"center\">peneirado<\/div>\n<div align=\"center\">congada do sino<\/div>\n<div align=\"center\">maninha<\/div>\n<div align=\"center\">entre mil&#8230; voc\u00ea<\/div>\n<div align=\"center\">bijouterias<\/div>\n<div align=\"center\">bandoladas<\/div>\n<div align=\"center\">tr\u00eas estrelinhas<\/div>\n<p><\/p>\n<p align=\"center\">\n","protected":false},"excerpt":{"rendered":"<p>Como eu havia dito, na sequ\u00eancia ter\u00edamos m\u00fasica. Se voc\u00eas n\u00e3o relaxaram na ioga, ent\u00e3o tentemos pela m\u00fasica. Que tal um instrumental bem brasileiro? Vamos nessa, com o bandolinista Joel Nascimento, um dos grandes nomes da leg\u00edtima m\u00fasica instrumental brasileira. &hellip; <a href=\"https:\/\/www.toque-musicall.com\/?p=508\">Continue lendo <span class=\"meta-nav\">&rarr;<\/span><\/a><\/p>\n","protected":false},"author":1,"featured_media":0,"comment_status":"open","ping_status":"closed","sticky":false,"template":"","format":"standard","meta":{"footnotes":""},"categories":[791,244],"tags":[],"class_list":["post-508","post","type-post","status-publish","format-standard","hentry","category-joel-nascimento","category-selo-emi-odeon"],"_links":{"self":[{"href":"https:\/\/www.toque-musicall.com\/index.php?rest_route=\/wp\/v2\/posts\/508","targetHints":{"allow":["GET"]}}],"collection":[{"href":"https:\/\/www.toque-musicall.com\/index.php?rest_route=\/wp\/v2\/posts"}],"about":[{"href":"https:\/\/www.toque-musicall.com\/index.php?rest_route=\/wp\/v2\/types\/post"}],"author":[{"embeddable":true,"href":"https:\/\/www.toque-musicall.com\/index.php?rest_route=\/wp\/v2\/users\/1"}],"replies":[{"embeddable":true,"href":"https:\/\/www.toque-musicall.com\/index.php?rest_route=%2Fwp%2Fv2%2Fcomments&post=508"}],"version-history":[{"count":0,"href":"https:\/\/www.toque-musicall.com\/index.php?rest_route=\/wp\/v2\/posts\/508\/revisions"}],"wp:attachment":[{"href":"https:\/\/www.toque-musicall.com\/index.php?rest_route=%2Fwp%2Fv2%2Fmedia&parent=508"}],"wp:term":[{"taxonomy":"category","embeddable":true,"href":"https:\/\/www.toque-musicall.com\/index.php?rest_route=%2Fwp%2Fv2%2Fcategories&post=508"},{"taxonomy":"post_tag","embeddable":true,"href":"https:\/\/www.toque-musicall.com\/index.php?rest_route=%2Fwp%2Fv2%2Ftags&post=508"}],"curies":[{"name":"wp","href":"https:\/\/api.w.org\/{rel}","templated":true}]}}