{"id":5081,"date":"2015-08-17T21:20:10","date_gmt":"2015-08-18T00:20:10","guid":{"rendered":"http:\/\/www.toque-musicall.com\/?p=5081"},"modified":"2015-08-19T07:54:37","modified_gmt":"2015-08-19T10:54:37","slug":"leo-peracchi-e-orquestra-valsas-brasileiras-n-1-1955","status":"publish","type":"post","link":"https:\/\/www.toque-musicall.com\/?p=5081","title":{"rendered":"Leo Peracchi E Orquestra &#8211; Valsas Brasileiras N. 1 (1955)"},"content":{"rendered":"<p><img loading=\"lazy\" decoding=\"async\" class=\"aligncenter\" alt=\"\" src=\"http:\/\/2.bp.blogspot.com\/-HEMzTgJTYoY\/VdKJ3yGqaEI\/AAAAAAAAL9k\/0dvO7M_kXhA\/s640\/capap.JPG\" width=\"636\" height=\"640\" \/><img loading=\"lazy\" decoding=\"async\" class=\"aligncenter\" alt=\"\" src=\"http:\/\/2.bp.blogspot.com\/-zx0hhmeunzo\/VdKJ3KLHepI\/AAAAAAAAL9c\/cLko7G07NPI\/s640\/contrap.JPG\" width=\"640\" height=\"639\" \/>Boa noite amigos cultos e ocultos! Achei uma brecha&#8230; Tenho para hoje &#8220;Valsas brasileiras&#8221;, com Leo Peracchi e orquestra, em disco de 10 polegadas. Um pequeno mostru\u00e1rio da m\u00fasica deste que foi um dos grandes compositores brasileiros, Disco gravado pelo selo Musidisc, em 1955. Maravilhosa m\u00fasica, maravilhosa orquestra\u00e7\u00e3<a href=\"http:\/\/depositfiles.com\/files\/8urw418yg\" target=\"_blank\">o<\/a>. \ud83d\ude09<\/p>\n<div style=\"text-align: center;\">tarde de lindoia<\/div>\n<div style=\"text-align: center;\">s\u00f3 pelo amor vale a vida<\/div>\n<div style=\"text-align: center;\">rosa desfolhada<\/div>\n<div style=\"text-align: center;\">primavera de beijos<\/div>\n<div style=\"text-align: center;\">branca<\/div>\n<div style=\"text-align: center;\">longe dos olhos<\/div>\n<div style=\"text-align: center;\">\u00faltimo beijo<\/div>\n<div style=\"text-align: center;\">aurora<\/div>\n<div style=\"text-align: center;\"><\/div>\n<div style=\"text-align: center;\">.<\/div>\n<p>&nbsp;<\/p>\n","protected":false},"excerpt":{"rendered":"<p>Boa noite amigos cultos e ocultos! Achei uma brecha&#8230; Tenho para hoje &#8220;Valsas brasileiras&#8221;, com Leo Peracchi e orquestra, em disco de 10 polegadas. Um pequeno mostru\u00e1rio da m\u00fasica deste que foi um dos grandes compositores brasileiros, Disco gravado pelo &hellip; <a href=\"https:\/\/www.toque-musicall.com\/?p=5081\">Continue lendo <span class=\"meta-nav\">&rarr;<\/span><\/a><\/p>\n","protected":false},"author":1,"featured_media":0,"comment_status":"open","ping_status":"closed","sticky":false,"template":"","format":"standard","meta":{"footnotes":""},"categories":[450,35,1445],"tags":[],"class_list":["post-5081","post","type-post","status-publish","format-standard","hentry","category-leo-peracchi","category-selo-musidisc","category-zequinha-de-abreu"],"_links":{"self":[{"href":"https:\/\/www.toque-musicall.com\/index.php?rest_route=\/wp\/v2\/posts\/5081","targetHints":{"allow":["GET"]}}],"collection":[{"href":"https:\/\/www.toque-musicall.com\/index.php?rest_route=\/wp\/v2\/posts"}],"about":[{"href":"https:\/\/www.toque-musicall.com\/index.php?rest_route=\/wp\/v2\/types\/post"}],"author":[{"embeddable":true,"href":"https:\/\/www.toque-musicall.com\/index.php?rest_route=\/wp\/v2\/users\/1"}],"replies":[{"embeddable":true,"href":"https:\/\/www.toque-musicall.com\/index.php?rest_route=%2Fwp%2Fv2%2Fcomments&post=5081"}],"version-history":[{"count":2,"href":"https:\/\/www.toque-musicall.com\/index.php?rest_route=\/wp\/v2\/posts\/5081\/revisions"}],"predecessor-version":[{"id":5083,"href":"https:\/\/www.toque-musicall.com\/index.php?rest_route=\/wp\/v2\/posts\/5081\/revisions\/5083"}],"wp:attachment":[{"href":"https:\/\/www.toque-musicall.com\/index.php?rest_route=%2Fwp%2Fv2%2Fmedia&parent=5081"}],"wp:term":[{"taxonomy":"category","embeddable":true,"href":"https:\/\/www.toque-musicall.com\/index.php?rest_route=%2Fwp%2Fv2%2Fcategories&post=5081"},{"taxonomy":"post_tag","embeddable":true,"href":"https:\/\/www.toque-musicall.com\/index.php?rest_route=%2Fwp%2Fv2%2Ftags&post=5081"}],"curies":[{"name":"wp","href":"https:\/\/api.w.org\/{rel}","templated":true}]}}