{"id":514,"date":"2011-03-23T10:30:00","date_gmt":"2011-03-23T10:30:00","guid":{"rendered":"http:\/\/www.toque-musicall.com\/?p=514"},"modified":"2011-03-23T10:30:00","modified_gmt":"2011-03-23T10:30:00","slug":"trio-maraba-trio-maraba-e-conjunto-1955","status":"publish","type":"post","link":"https:\/\/www.toque-musicall.com\/?p=514","title":{"rendered":"Trio Marab\u00e1 &#8211; Trio Marab\u00e1 e Conjunto (1955)"},"content":{"rendered":"<div><a href=\"http:\/\/2.bp.blogspot.com\/-XolGQskIRoE\/TYnMBrz4k5I\/AAAAAAAAH1k\/35z2nrET6Kw\/s1600\/trio+marab%25C3%25A1+P.JPG\"><img decoding=\"async\" style=\"text-align: center; margin: 0px auto 10px; width: 400px; display: block; height: 391px;\" id=\"BLOGGER_PHOTO_ID_5587221142042088338\" alt=\"\" src=\"http:\/\/2.bp.blogspot.com\/-XolGQskIRoE\/TYnMBrz4k5I\/AAAAAAAAH1k\/35z2nrET6Kw\/s400\/trio+marab%25C3%25A1+P.JPG\" border=\"0\" \/><\/a> Boa tarde, amigos cultos e ocultos! N\u00e3o preciso nem ficar dizendo o quanto o meu tempo \u00e9 curto, todos j\u00e1 sabem. Na medida do poss\u00edvel, novos toques para velhas postagens est\u00e3o sendo refeitos. Por favor, tenham paci\u00eancia. Estou atendendo dentro da ordem de chegada, ok? A prioridade \u00e9 sempre da postagem do dia, por isso \u00e9 bom que os amigos se mantenham antenados. Como seguidores do blog voc\u00eas n\u00e3o perder\u00e3o nada. Quem segue sabe \ud83d\ude09<\/div>\n<p>Hoje eu trago um disquinho bem raro, lan\u00e7ado l\u00e1 pelo ano de 1955. Nessa \u00e9poca eu ainda morava em pelotas (como j\u00e1 dizia um amigo meu). Temos aqui o Trio Marab\u00e1, um grupo vocal que fez fama nos anos 50. Hoje, no lugar mais certo de encontrar, a Internet, s\u00f3 temos ofertas, vendas dos velhos discos de algum sebo. Informa\u00e7\u00e3o, que \u00e9 bom, ficou limitada ao t\u00f3pico de refer\u00eancia do Dicion\u00e1rio Cravo Albin, que por sinal \u00e9 tamb\u00e9m escasso em seu conte\u00fado sobre o grupo. O curioso \u00e9 que qualquer outra refer\u00eancia ao Trio, em outros sites s\u00e3o apenas adapta\u00e7\u00e3o do Cravo Albin (quando n\u00e3o, c\u00f3pias descaradas e sem cr\u00e9ditos). Nessa hora, para nos salvar, s\u00f3 mesmo os coment\u00e1rios generosos do nosso amigo Samuel \ud83d\ude42<br \/>O Trio Marab\u00e1 era formado por Pancho, Panchito e Carmen Duran. Os dois primeiros eram tamb\u00e9m compositores. Eles gravaram mais de uma dezena de discos, bolachas de 78 rpm. Na vers\u00e3o 33 rpm, s\u00f3 conhe\u00e7o dois discos, um deles \u00e9 este que apresento a voc\u00eas. Acredito, inclusive, que sejam as mesmas grava\u00e7\u00f5es dos discos lan\u00e7ados anteriormente. Temos aqui oito temas, entre  composi\u00e7\u00f5es bem conhecidas, nacionais e internacionais. A \u00fanica faixa autoral \u00e9 &#8220;Ribeira&#8221;, de autoria de Pancho e Panchito.<br \/>Tentei recompor a capa original, mas me faltaram as fontes que foram usadas na impress\u00e3o. Procurei ent\u00e3o algo bem aproximado. Podem ter certeza de que n\u00e3o ficou muito diferente desta. A capa original vem numa edi\u00e7\u00e3o de luxo, traz um forro em papel aveludado preto, recortado com uma barra decorativa emoldurando a fotografia do Trio Marab\u00e1. Infelizmente o disco que eu tive acesso para esta postagem n\u00e3o se encontrava (de todo) nessas condi\u00e7\u00f5es. Mas nada como a tecnologia digital, que pelo menos ameniza a situa\u00e7\u00e3o. Confiram&#8230; raridade pura!<\/p>\n<div style=\"text-align: center;\">mulher rendeira<br \/>ribeira<br \/>nem eu<br \/>sombras entre n\u00f3s<br \/>risque<br \/>vivamos amor<br \/>ningu\u00e9m me ama<br \/>noites do paraguai<\/div>\n","protected":false},"excerpt":{"rendered":"<p>Boa tarde, amigos cultos e ocultos! N\u00e3o preciso nem ficar dizendo o quanto o meu tempo \u00e9 curto, todos j\u00e1 sabem. Na medida do poss\u00edvel, novos toques para velhas postagens est\u00e3o sendo refeitos. Por favor, tenham paci\u00eancia. Estou atendendo dentro &hellip; <a href=\"https:\/\/www.toque-musicall.com\/?p=514\">Continue lendo <span class=\"meta-nav\">&rarr;<\/span><\/a><\/p>\n","protected":false},"author":1,"featured_media":0,"comment_status":"open","ping_status":"closed","sticky":false,"template":"","format":"standard","meta":{"footnotes":""},"categories":[152,198],"tags":[],"class_list":["post-514","post","type-post","status-publish","format-standard","hentry","category-selo-copacabana","category-trio-maraba"],"_links":{"self":[{"href":"https:\/\/www.toque-musicall.com\/index.php?rest_route=\/wp\/v2\/posts\/514","targetHints":{"allow":["GET"]}}],"collection":[{"href":"https:\/\/www.toque-musicall.com\/index.php?rest_route=\/wp\/v2\/posts"}],"about":[{"href":"https:\/\/www.toque-musicall.com\/index.php?rest_route=\/wp\/v2\/types\/post"}],"author":[{"embeddable":true,"href":"https:\/\/www.toque-musicall.com\/index.php?rest_route=\/wp\/v2\/users\/1"}],"replies":[{"embeddable":true,"href":"https:\/\/www.toque-musicall.com\/index.php?rest_route=%2Fwp%2Fv2%2Fcomments&post=514"}],"version-history":[{"count":0,"href":"https:\/\/www.toque-musicall.com\/index.php?rest_route=\/wp\/v2\/posts\/514\/revisions"}],"wp:attachment":[{"href":"https:\/\/www.toque-musicall.com\/index.php?rest_route=%2Fwp%2Fv2%2Fmedia&parent=514"}],"wp:term":[{"taxonomy":"category","embeddable":true,"href":"https:\/\/www.toque-musicall.com\/index.php?rest_route=%2Fwp%2Fv2%2Fcategories&post=514"},{"taxonomy":"post_tag","embeddable":true,"href":"https:\/\/www.toque-musicall.com\/index.php?rest_route=%2Fwp%2Fv2%2Ftags&post=514"}],"curies":[{"name":"wp","href":"https:\/\/api.w.org\/{rel}","templated":true}]}}