{"id":5142,"date":"2015-09-03T22:23:31","date_gmt":"2015-09-04T01:23:31","guid":{"rendered":"http:\/\/www.toque-musicall.com\/?p=5142"},"modified":"2015-09-05T09:21:00","modified_gmt":"2015-09-05T12:21:00","slug":"klaus-wunderlinch-and-his-new-pop-organ-sound-sudamericana-3-1976","status":"publish","type":"post","link":"https:\/\/www.toque-musicall.com\/?p=5142","title":{"rendered":"Klaus Wunderlinch And His New Pop Organ Sound &#8211; Sudamericana 3 (1976)"},"content":{"rendered":"<p><img loading=\"lazy\" decoding=\"async\" class=\"aligncenter\" alt=\"\" src=\"http:\/\/3.bp.blogspot.com\/-nvxnthyMq6s\/VekB0AO0DXI\/AAAAAAAAMEE\/0VxjbG9KG4o\/s640\/capap.JPG\" width=\"640\" height=\"637\" \/><img loading=\"lazy\" decoding=\"async\" class=\"aligncenter\" alt=\"\" src=\"http:\/\/2.bp.blogspot.com\/-rbeMEacqzZ0\/VekB0TAkxbI\/AAAAAAAAMEI\/-l-_CZbR5zY\/s640\/contrap.JPG\" width=\"640\" height=\"636\" \/>Boa noite, amigos cultos e ocultos! Ainda em tempos de curiosidade (sempre \u00e9 tempo de curiosidade) estou trazendo para o Toque Musical uma produ\u00e7\u00e3o &#8216;made in Germany&#8217;. Um disco que encontrei num sebo e que me foi dado de gra\u00e7a pelo dono da loja. Entrou de brinde por conta de outros discos que comprei dele. Eu me interessei pelo lp em virtude de meia d\u00fazia de m\u00fasicas que s\u00e3o de autores brasileiros. Na verdade (e como sempre) s\u00e3o cl\u00e1ssicos do samba e bossa nova. Acho que disco vale pela curiosidade. Temos aqui o maestro e organista Klaus Wunderlich, m\u00fasico alem\u00e3o que era muito popular na Europa, nos anos 60 e 70. Gravou v\u00e1rios discos, passando pela m\u00fasica cl\u00e1ssica, pop, jazz e orquestra. Creio que alguns de seus discos chegaram a ser lan\u00e7ados no Brasil, mas ele certamente \u00e9 pouco conhecido por aqui. Neste lp, o terceiro de uma s\u00e9rie, dedicada ao que ele considera &#8216;sudamericana&#8217;, a &#8216;latin music&#8217;, vamos encontrar 14 faixas de sucessos mundiais, entre esses, temos seis m\u00fasicas brasileiras em interpreta\u00e7\u00f5es que valem ser conferida<a href=\"http:\/\/depositfiles.com\/files\/z7x48l0ea\" target=\"_blank\">s<\/a>.<\/p>\n<div style=\"text-align: center;\">amor amor amor<\/div>\n<div style=\"text-align: center;\">eso es el amor<\/div>\n<div style=\"text-align: center;\">summer samba<\/div>\n<div style=\"text-align: center;\">rumba tambah<\/div>\n<div style=\"text-align: center;\">let&#8217;s go the latin hustle<\/div>\n<div style=\"text-align: center;\">cu cu ru cu cu paloma<\/div>\n<div style=\"text-align: center;\">canto de ossanha<\/div>\n<div style=\"text-align: center;\">besame mucho<\/div>\n<div style=\"text-align: center;\">mas que nada<\/div>\n<div style=\"text-align: center;\">la parranda<\/div>\n<div style=\"text-align: center;\">baia<\/div>\n<div style=\"text-align: center;\">one note samba<\/div>\n<div style=\"text-align: center;\">ole guapa<\/div>\n<div style=\"text-align: center;\">brazil<\/div>\n<div style=\"text-align: center;\"><\/div>\n<div style=\"text-align: center;\">.<\/div>\n","protected":false},"excerpt":{"rendered":"<p>Boa noite, amigos cultos e ocultos! Ainda em tempos de curiosidade (sempre \u00e9 tempo de curiosidade) estou trazendo para o Toque Musical uma produ\u00e7\u00e3o &#8216;made in Germany&#8217;. Um disco que encontrei num sebo e que me foi dado de gra\u00e7a &hellip; <a href=\"https:\/\/www.toque-musicall.com\/?p=5142\">Continue lendo <span class=\"meta-nav\">&rarr;<\/span><\/a><\/p>\n","protected":false},"author":1,"featured_media":0,"comment_status":"open","ping_status":"closed","sticky":false,"template":"","format":"standard","meta":{"footnotes":""},"categories":[2600,800],"tags":[],"class_list":["post-5142","post","type-post","status-publish","format-standard","hentry","category-klaus-wunderlinch","category-selo-telefunken"],"_links":{"self":[{"href":"https:\/\/www.toque-musicall.com\/index.php?rest_route=\/wp\/v2\/posts\/5142","targetHints":{"allow":["GET"]}}],"collection":[{"href":"https:\/\/www.toque-musicall.com\/index.php?rest_route=\/wp\/v2\/posts"}],"about":[{"href":"https:\/\/www.toque-musicall.com\/index.php?rest_route=\/wp\/v2\/types\/post"}],"author":[{"embeddable":true,"href":"https:\/\/www.toque-musicall.com\/index.php?rest_route=\/wp\/v2\/users\/1"}],"replies":[{"embeddable":true,"href":"https:\/\/www.toque-musicall.com\/index.php?rest_route=%2Fwp%2Fv2%2Fcomments&post=5142"}],"version-history":[{"count":4,"href":"https:\/\/www.toque-musicall.com\/index.php?rest_route=\/wp\/v2\/posts\/5142\/revisions"}],"predecessor-version":[{"id":5150,"href":"https:\/\/www.toque-musicall.com\/index.php?rest_route=\/wp\/v2\/posts\/5142\/revisions\/5150"}],"wp:attachment":[{"href":"https:\/\/www.toque-musicall.com\/index.php?rest_route=%2Fwp%2Fv2%2Fmedia&parent=5142"}],"wp:term":[{"taxonomy":"category","embeddable":true,"href":"https:\/\/www.toque-musicall.com\/index.php?rest_route=%2Fwp%2Fv2%2Fcategories&post=5142"},{"taxonomy":"post_tag","embeddable":true,"href":"https:\/\/www.toque-musicall.com\/index.php?rest_route=%2Fwp%2Fv2%2Ftags&post=5142"}],"curies":[{"name":"wp","href":"https:\/\/api.w.org\/{rel}","templated":true}]}}