{"id":5147,"date":"2015-09-04T21:36:19","date_gmt":"2015-09-05T00:36:19","guid":{"rendered":"http:\/\/www.toque-musicall.com\/?p=5147"},"modified":"2015-09-05T09:15:02","modified_gmt":"2015-09-05T12:15:02","slug":"paulinho-pedra-azul-jardim-da-fantasia-1982","status":"publish","type":"post","link":"https:\/\/www.toque-musicall.com\/?p=5147","title":{"rendered":"Paulinho Pedra Azul &#8211; Jardim Da Fantasia (1982)"},"content":{"rendered":"<p><img loading=\"lazy\" decoding=\"async\" class=\"aligncenter\" alt=\"\" src=\"http:\/\/3.bp.blogspot.com\/-b3MiNQrqm6A\/VepXVGRPKvI\/AAAAAAAAMEk\/qRwRWbb2iu0\/s640\/capap.JPG\" width=\"640\" height=\"635\" \/><img loading=\"lazy\" decoding=\"async\" class=\"aligncenter\" alt=\"\" src=\"http:\/\/2.bp.blogspot.com\/-VKZ0PI6oXow\/VepXVc-598I\/AAAAAAAAMEo\/ccHeF6NGYxo\/s640\/contrap.JPG\" width=\"640\" height=\"634\" \/>Cantor, poeta, artista pl\u00e1stico, compositor&#8230; Enfim, um talento m\u00faltiplo. Estamos falando de Paulo Hugo Morais Sobrinho, ali\u00e1s Paulinho Pedra Azul. \u00a0Ele veio ao mundo no dia 4 de agosto de 1954, na cidade mineira de Pedra Azul, situada no Vale do Jequitinhonha, da\u00ed \u00a0seu nome art\u00edstico. Sua carreira art\u00edstica iniciou-se por volta dos treze anos de idade, inicialmente com as artes pl\u00e1sticas. Enveredando pela m\u00fasica, participou do conjunto The Giants, em que trabalhou com Rog\u00e9rio Braga, Mauro Mendes, Marivaldo Chaves, Salvador, Edmar Moreira e Andr\u00e9, com um repert\u00f3rio de sucessos da chamada \u201cm\u00fasica jovem\u201d de ent\u00e3o (Beatles, Roberto &amp; Erasmo Carlos, Os Incr\u00edveis, The Fevers, etc.). A partir do final dos anos 1960, participou de festivais de m\u00fasica e de poesia, realizando shows em cidades do interior de Minas Gerais. Nos anos 70, mudou-se para S\u00e3o Paulo, onde trabalhou com o cantor, ator e humorista Saulo Laranjeira, seu conterr\u00e2neo.\u00a0 Ao voltar para Minas, fixou resid\u00eancia em Belo Horizonte,\u00a0 onde mora at\u00e9 hoje. Paulinho Pedra Azul, embora n\u00e3o seja um constante frequentador da m\u00eddia de massa, \u00e9 conhecido por um segmento espec\u00edfico de p\u00fablico, no qual predominam os universit\u00e1rios. Sua discografia abrange vinte e um \u00e1lbuns gravados, a maioria de produ\u00e7\u00e3o independente. \u00c9 tamb\u00e9m autor de duzentas telas a \u00f3leo e acr\u00edlico, e de quinze livros, dentre os quais destaca-se \u201cDel\u00edrio habanero\u00a0 \u2013\u00a0 Pequeno di\u00e1rio em Cuba\u201d, escrito durante visita que fez \u00e0 ilha de Fidel Castro, em 2002.\u00a0 Segundo pesquisa feita pela AMAR (Associa\u00e7\u00e3o de M\u00fasicos, Arranjadores e Regentes), Paulinho Pedra Azul \u00e9 o segundo cantor\u00a0 mais conhecido de Minas Gerais, perdendo apenas para M\u00edlton Nascimento. Em 1992, recebeu o t\u00edtulo de Cidad\u00e3o Honor\u00e1rio de Belo Horizonte, apenas um dos in\u00fameros pr\u00eamios e honrarias que conquistou ao longo de toda a carreira. Sendo assim, o Toque Musical tem a satisfa\u00e7\u00e3o de apresentar a seus amigos cultos, ocultos e associados o primeir\u00edssimo \u00e1lbum de Paulinho Pedra Azul, lan\u00e7ado em 1982 pela RCA, hoje Sony Music, quando ele residia em S\u00e3o Paulo. Trata-se de \u201cJardim da fantasia\u201d, cuja can\u00e7\u00e3o-t\u00edtulo, tamb\u00e9m conhecida como \u201cBem-te-vi\u201d, logo fez sucesso. Teria sido feita para uma noiva j\u00e1 falecida de Paulinho, o que, por\u00e9m,\u00a0 ele nega.\u00a0 O cantor-compositor tem um estilo que varia do rom\u00e2ntico (can\u00e7\u00f5es e serestas) \u00e0 MPB, fortemente influenciado pelo Clube da Esquina de M\u00edlton Nascimento &amp; companhia, tendo composto at\u00e9 mesmo alguns chorinhos. Neste seu trabalho de estreia, h\u00e1 composi\u00e7\u00f5es pr\u00f3prias, como a faixa-t\u00edtulo, \u201cAve cantadeira\u201d (que aparece tamb\u00e9m como vinheta ao final do disco), \u201cVagando\u201d , \u201cCortinas de ferro\u201d e \u201cVoar\u00e1s\u201d, contando nesta \u00faltima com a participa\u00e7\u00e3o especial da cantora baiana Diana Pequeno, ent\u00e3o em evid\u00eancia.\u00a0 O programa traz tamb\u00e9m m\u00fasicas de outros autores, como Fagner (\u201cPobre bichinho\u201d) e a dupla Fl\u00e1vio Venturini-Murilo Antunes (\u201cNascente\u201d).\u00a0 Sua regi\u00e3o natal \u00e9 lembrada tamb\u00e9m na faixa \u201cJequitinhonha\u201d, escrita por\u00a0 Levy e Paulinho Assun\u00e7\u00e3o. Enfim, um promissor in\u00edcio de carreira, mostrando\u00a0as raz\u00f5es pelas quais Paulinho Pedra Azul\u00a0 tornou-se um dos melhores cantores-compositores da MPB,\u00a0 e querido por todos que apreciam m\u00fasica de qualidade, mesmo sem muita promo\u00e7\u00e3o da m\u00eddi<a href=\"http:\/\/depositfiles.com\/files\/0usca8zs4\" target=\"_blank\">a<\/a>.<\/p>\n<div style=\"text-align: center;\">ave cantadeira<\/div>\n<div style=\"text-align: center;\">pobre bichinho<\/div>\n<div style=\"text-align: center;\">valsa do desencanto<\/div>\n<div style=\"text-align: center;\">voar\u00e1s<\/div>\n<div style=\"text-align: center;\">nascente<\/div>\n<div style=\"text-align: center;\">cortinas de ferro<\/div>\n<div style=\"text-align: center;\">jequitinhonha<\/div>\n<div style=\"text-align: center;\">canta<\/div>\n<div style=\"text-align: center;\">jardim da fantasia<\/div>\n<div style=\"text-align: center;\">vagando<\/div>\n<div style=\"text-align: center;\">ave cantadeira<\/div>\n<div><\/div>\n<div>* Texto de Samuel Machado Filho<\/div>\n","protected":false},"excerpt":{"rendered":"<p>Cantor, poeta, artista pl\u00e1stico, compositor&#8230; Enfim, um talento m\u00faltiplo. Estamos falando de Paulo Hugo Morais Sobrinho, ali\u00e1s Paulinho Pedra Azul. \u00a0Ele veio ao mundo no dia 4 de agosto de 1954, na cidade mineira de Pedra Azul, situada no Vale &hellip; <a href=\"https:\/\/www.toque-musicall.com\/?p=5147\">Continue lendo <span class=\"meta-nav\">&rarr;<\/span><\/a><\/p>\n","protected":false},"author":1,"featured_media":0,"comment_status":"open","ping_status":"closed","sticky":false,"template":"","format":"standard","meta":{"footnotes":""},"categories":[1805,18],"tags":[],"class_list":["post-5147","post","type-post","status-publish","format-standard","hentry","category-paulinho-pedra-azul","category-selo-rca"],"_links":{"self":[{"href":"https:\/\/www.toque-musicall.com\/index.php?rest_route=\/wp\/v2\/posts\/5147","targetHints":{"allow":["GET"]}}],"collection":[{"href":"https:\/\/www.toque-musicall.com\/index.php?rest_route=\/wp\/v2\/posts"}],"about":[{"href":"https:\/\/www.toque-musicall.com\/index.php?rest_route=\/wp\/v2\/types\/post"}],"author":[{"embeddable":true,"href":"https:\/\/www.toque-musicall.com\/index.php?rest_route=\/wp\/v2\/users\/1"}],"replies":[{"embeddable":true,"href":"https:\/\/www.toque-musicall.com\/index.php?rest_route=%2Fwp%2Fv2%2Fcomments&post=5147"}],"version-history":[{"count":1,"href":"https:\/\/www.toque-musicall.com\/index.php?rest_route=\/wp\/v2\/posts\/5147\/revisions"}],"predecessor-version":[{"id":5148,"href":"https:\/\/www.toque-musicall.com\/index.php?rest_route=\/wp\/v2\/posts\/5147\/revisions\/5148"}],"wp:attachment":[{"href":"https:\/\/www.toque-musicall.com\/index.php?rest_route=%2Fwp%2Fv2%2Fmedia&parent=5147"}],"wp:term":[{"taxonomy":"category","embeddable":true,"href":"https:\/\/www.toque-musicall.com\/index.php?rest_route=%2Fwp%2Fv2%2Fcategories&post=5147"},{"taxonomy":"post_tag","embeddable":true,"href":"https:\/\/www.toque-musicall.com\/index.php?rest_route=%2Fwp%2Fv2%2Ftags&post=5147"}],"curies":[{"name":"wp","href":"https:\/\/api.w.org\/{rel}","templated":true}]}}