{"id":5157,"date":"2015-09-07T22:11:19","date_gmt":"2015-09-08T01:11:19","guid":{"rendered":"http:\/\/www.toque-musicall.com\/?p=5157"},"modified":"2015-09-08T00:54:36","modified_gmt":"2015-09-08T03:54:36","slug":"mario-avellar-nasceu-1980","status":"publish","type":"post","link":"https:\/\/www.toque-musicall.com\/?p=5157","title":{"rendered":"Mario Avellar &#8211; Nasceu (1980)"},"content":{"rendered":"<p><img loading=\"lazy\" decoding=\"async\" class=\"aligncenter\" alt=\"\" src=\"http:\/\/3.bp.blogspot.com\/-K-7eJfhW5Ow\/Vez_mG-yDeI\/AAAAAAAAMFU\/d52vKcjKABI\/s640\/capa%2BFp.JPG\" width=\"640\" height=\"634\" \/><img loading=\"lazy\" decoding=\"async\" class=\"aligncenter\" alt=\"\" src=\"http:\/\/2.bp.blogspot.com\/-kVWSjgS9IxU\/Vez_mVTcJEI\/AAAAAAAAMFY\/FzSXyR6K_4A\/s640\/capa%2Bp.JPG\" width=\"640\" height=\"623\" \/>Diz a\u00ed voc\u00ea, amigo culto e oculto! A sauda\u00e7\u00e3o \u00e9 no singular, por\u00e9m o entendimento \u00e9 no plural, ok? Pulando daqui pra l\u00e1, de l\u00e1 pra c\u00e1, hoje vamos com um disco que eu particularmente gosto muito, M\u00e1rio Avellar, em seu \u00e1lbum de estr\u00e9ia, &#8216;Nasceu&#8217;, produ\u00e7\u00e3o independente lan\u00e7ada em 1980. M\u00e1rio Avellar \u00e9 um cantor, compositor e produtor. Pelo jeit\u00e3o de sua m\u00fasica e at\u00e9 mesmo nas letras, eu chego a acreditar que ele vem aqui das Minas Gerais. H\u00e1 na rede muito pouca informa\u00e7\u00e3o sobre ele. Penso at\u00e9 que este tenha sido o seu \u00fanico disco. M\u00e1rio foi parceiro em diversas m\u00fasicas da dupla Luli &amp; Lucinha (Lucina) e tamb\u00e9m participou de seus discos. Agora \u00e9 a vez delas darem tamb\u00e9m uma ajuda ao amigo, participando em v\u00e1rias faixas. O disco surpreende pela qualidade e simplicidade. Agrada de maneira bem pessoal. Participam tamb\u00e9m outros grandes m\u00fasicos que d\u00e3o ao trabalho a dignidade que ele merece. Vale a pena ouvir e conhece<a href=\"http:\/\/depositfiles.com\/files\/k02tfejn0\" target=\"_blank\">r<\/a>&#8230;<\/p>\n<div style=\"text-align: center;\">basta abrir a boca e cantar<\/div>\n<div style=\"text-align: center;\">cachoeira \u00e1gua<\/div>\n<div style=\"text-align: center;\">rio doce<\/div>\n<div style=\"text-align: center;\">alma viajante<\/div>\n<div style=\"text-align: center;\">ondas e risos<\/div>\n<div style=\"text-align: center;\">lua de mel<\/div>\n<div style=\"text-align: center;\">tema de lua de mel<\/div>\n<div style=\"text-align: center;\">casa pequenina<\/div>\n<div style=\"text-align: center;\">energia louca<\/div>\n<div style=\"text-align: center;\">bem te vi<\/div>\n<div style=\"text-align: center;\">chico bento<\/div>\n<div style=\"text-align: center;\">rita e miguel<\/div>\n<div style=\"text-align: center;\">fr\u00e1gil<\/div>\n<div style=\"text-align: center;\"><\/div>\n<div style=\"text-align: center;\">.<\/div>\n","protected":false},"excerpt":{"rendered":"<p>Diz a\u00ed voc\u00ea, amigo culto e oculto! A sauda\u00e7\u00e3o \u00e9 no singular, por\u00e9m o entendimento \u00e9 no plural, ok? Pulando daqui pra l\u00e1, de l\u00e1 pra c\u00e1, hoje vamos com um disco que eu particularmente gosto muito, M\u00e1rio Avellar, em &hellip; <a href=\"https:\/\/www.toque-musicall.com\/?p=5157\">Continue lendo <span class=\"meta-nav\">&rarr;<\/span><\/a><\/p>\n","protected":false},"author":1,"featured_media":0,"comment_status":"open","ping_status":"closed","sticky":false,"template":"","format":"standard","meta":{"footnotes":""},"categories":[1827,1403,2601,25],"tags":[],"class_list":["post-5157","post","type-post","status-publish","format-standard","hentry","category-luli","category-luli-e-lucina","category-mario-avellar","category-selo-independente"],"_links":{"self":[{"href":"https:\/\/www.toque-musicall.com\/index.php?rest_route=\/wp\/v2\/posts\/5157","targetHints":{"allow":["GET"]}}],"collection":[{"href":"https:\/\/www.toque-musicall.com\/index.php?rest_route=\/wp\/v2\/posts"}],"about":[{"href":"https:\/\/www.toque-musicall.com\/index.php?rest_route=\/wp\/v2\/types\/post"}],"author":[{"embeddable":true,"href":"https:\/\/www.toque-musicall.com\/index.php?rest_route=\/wp\/v2\/users\/1"}],"replies":[{"embeddable":true,"href":"https:\/\/www.toque-musicall.com\/index.php?rest_route=%2Fwp%2Fv2%2Fcomments&post=5157"}],"version-history":[{"count":2,"href":"https:\/\/www.toque-musicall.com\/index.php?rest_route=\/wp\/v2\/posts\/5157\/revisions"}],"predecessor-version":[{"id":5159,"href":"https:\/\/www.toque-musicall.com\/index.php?rest_route=\/wp\/v2\/posts\/5157\/revisions\/5159"}],"wp:attachment":[{"href":"https:\/\/www.toque-musicall.com\/index.php?rest_route=%2Fwp%2Fv2%2Fmedia&parent=5157"}],"wp:term":[{"taxonomy":"category","embeddable":true,"href":"https:\/\/www.toque-musicall.com\/index.php?rest_route=%2Fwp%2Fv2%2Fcategories&post=5157"},{"taxonomy":"post_tag","embeddable":true,"href":"https:\/\/www.toque-musicall.com\/index.php?rest_route=%2Fwp%2Fv2%2Ftags&post=5157"}],"curies":[{"name":"wp","href":"https:\/\/api.w.org\/{rel}","templated":true}]}}