{"id":5160,"date":"2015-09-08T23:12:10","date_gmt":"2015-09-09T02:12:10","guid":{"rendered":"http:\/\/www.toque-musicall.com\/?p=5160"},"modified":"2015-09-09T09:07:49","modified_gmt":"2015-09-09T12:07:49","slug":"marcos-sabino-reluz-1982","status":"publish","type":"post","link":"https:\/\/www.toque-musicall.com\/?p=5160","title":{"rendered":"Marcos Sabino &#8211; Reluz (1982)"},"content":{"rendered":"<p><img loading=\"lazy\" decoding=\"async\" class=\"aligncenter\" alt=\"\" src=\"http:\/\/1.bp.blogspot.com\/-Xcv5YX8tdic\/Ve-RBr26c0I\/AAAAAAAAMF0\/-o66d2rxvuU\/s640\/Marcos%2BSAbino%2B-%2Breluz%2Bf2.JPG\" width=\"640\" height=\"631\" \/><img loading=\"lazy\" decoding=\"async\" class=\"aligncenter\" alt=\"\" src=\"http:\/\/1.bp.blogspot.com\/-L7DFUOptTxA\/Ve-RBhc3lcI\/AAAAAAAAMF4\/rvA_dRCXwZg\/s640\/Marcos%2BSAbino%2B-%2Breluz%2Bb.JPG\" width=\"640\" height=\"638\" \/>Ol\u00e1, amigos cultos, ocultos e associados! Hoje trazemos a voc\u00eas o primeir\u00edssimo \u00e1lbum do cantor e compositor Marcos Sabino. Com o nome completo de Marcos Sabino Braga Ferreira, nosso focalizado veio ao mundo no dia 27 de janeiro de 1950, na cidade de Niter\u00f3i, litoral fluminense. Tocando e compondo desde crian\u00e7a, integrou, ainda adolescente, um conjunto de rock chamado Os Inocentes. Depois, fez parte dos grupos Antares e O Circo. Em 1978, venceu o Festival de Miracema, interpretando a composi\u00e7\u00e3o \u201cEsperan\u00e7a\u201d, de Salu (coincidentemente a faixa que encerra o presente \u00e1lbum). Comp\u00f4s em parceria com nomes de prest\u00edgio da MPB, tais como Dalto, Erasmo, Paulo S\u00e9rgio Valle e S\u00e9rgio Caetano. Algumas de suas composi\u00e7\u00f5es fizeram sucesso nas vozes de cantores como Leonardo, F\u00e1bio J\u00fanior, Jerry Adriani, Simony, a dupla Pep\u00ea e Nen\u00e9m\u00a0 e ainda as bandas The Fevers, Asa de \u00c1guia, Harmonia do Samba e Fat Family. O primeiro e maior hit nacional de Marcos Sabino, ainda hoje na mem\u00f3ria de muita gente, foi a balada rom\u00e2ntica \u201cReluz\u201d, dele mesmo sem parceria, em 1982. Lan\u00e7ada em compacto simples, daria t\u00edtulo, mais tarde,\u00a0 a este seu primeiro LP, com dire\u00e7\u00e3o de produ\u00e7\u00e3o a cargo de Jo\u00e3o Augusto, mais tarde propriet\u00e1rio da gravadora Deck Disc e da Polysom, \u00fanica f\u00e1brica de discos de vinil em opera\u00e7\u00e3o no Brasil, que fica na cidade fluminense de Belford Roxo.\u00a0 Curiosamente, este disco saiu com apenas oito faixas, quatro de cada lado, como acontecia com os antigos LPs de dez polegadas. \u00c9 que, na \u00e9poca de seu lan\u00e7amento, o mercado fonogr\u00e1fico enfrentava, como agora,\u00a0 uma crise, e, para baratear o custo de produ\u00e7\u00e3o dos LPs, a Polygram (hoje Universal Music) resolveu lan\u00e7ar alguns t\u00edtulos dentro do sistema New Disc, caso deste aqui. Evidentemente, a coisa n\u00e3o durou muito tempo. Ainda assim, \u00e9 um trabalho primoroso e de qualidade, verdadeiro documento de uma estreia promissora.\u00a0 Marcos Sabino ainda lan\u00e7aria mais oito \u00e1lbuns at\u00e9 2005, e continua em franca atividade, mesmo n\u00e3o aparecendo muito na m\u00eddia. Atua, inclusive, como produtor de discos e compositor de jingles publicit\u00e1rios, al\u00e9m de realizar shows por todo o pa\u00eds. J\u00e1 foi tamb\u00e9m presidente da FAN (Funda\u00e7\u00e3o de Artes de Niter\u00f3i). Enfim, um artista de respeit\u00e1vel curr\u00edculo, que o TM apresenta aqui em seu primeiro \u00e1lbum.<\/p>\n<div style=\"text-align: center;\">\u00a0reluz<\/div>\n<div style=\"text-align: center;\">remanso<\/div>\n<div style=\"text-align: center;\">aquela paz<\/div>\n<div style=\"text-align: center;\">nicty city<\/div>\n<div style=\"text-align: center;\">correnteza<\/div>\n<div style=\"text-align: center;\">saindo pelo ladr\u00e3o<\/div>\n<div style=\"text-align: center;\">rastro de estrela<\/div>\n<div style=\"text-align: center;\">esperan\u00e7a<\/div>\n<div><\/div>\n<div>.* Texto de Samuel Machado Filho<\/div>\n","protected":false},"excerpt":{"rendered":"<p>Ol\u00e1, amigos cultos, ocultos e associados! Hoje trazemos a voc\u00eas o primeir\u00edssimo \u00e1lbum do cantor e compositor Marcos Sabino. Com o nome completo de Marcos Sabino Braga Ferreira, nosso focalizado veio ao mundo no dia 27 de janeiro de 1950, &hellip; <a href=\"https:\/\/www.toque-musicall.com\/?p=5160\">Continue lendo <span class=\"meta-nav\">&rarr;<\/span><\/a><\/p>\n","protected":false},"author":1,"featured_media":0,"comment_status":"open","ping_status":"closed","sticky":false,"template":"","format":"standard","meta":{"footnotes":""},"categories":[1],"tags":[],"class_list":["post-5160","post","type-post","status-publish","format-standard","hentry","category-sem-categoria"],"_links":{"self":[{"href":"https:\/\/www.toque-musicall.com\/index.php?rest_route=\/wp\/v2\/posts\/5160","targetHints":{"allow":["GET"]}}],"collection":[{"href":"https:\/\/www.toque-musicall.com\/index.php?rest_route=\/wp\/v2\/posts"}],"about":[{"href":"https:\/\/www.toque-musicall.com\/index.php?rest_route=\/wp\/v2\/types\/post"}],"author":[{"embeddable":true,"href":"https:\/\/www.toque-musicall.com\/index.php?rest_route=\/wp\/v2\/users\/1"}],"replies":[{"embeddable":true,"href":"https:\/\/www.toque-musicall.com\/index.php?rest_route=%2Fwp%2Fv2%2Fcomments&post=5160"}],"version-history":[{"count":2,"href":"https:\/\/www.toque-musicall.com\/index.php?rest_route=\/wp\/v2\/posts\/5160\/revisions"}],"predecessor-version":[{"id":5162,"href":"https:\/\/www.toque-musicall.com\/index.php?rest_route=\/wp\/v2\/posts\/5160\/revisions\/5162"}],"wp:attachment":[{"href":"https:\/\/www.toque-musicall.com\/index.php?rest_route=%2Fwp%2Fv2%2Fmedia&parent=5160"}],"wp:term":[{"taxonomy":"category","embeddable":true,"href":"https:\/\/www.toque-musicall.com\/index.php?rest_route=%2Fwp%2Fv2%2Fcategories&post=5160"},{"taxonomy":"post_tag","embeddable":true,"href":"https:\/\/www.toque-musicall.com\/index.php?rest_route=%2Fwp%2Fv2%2Ftags&post=5160"}],"curies":[{"name":"wp","href":"https:\/\/api.w.org\/{rel}","templated":true}]}}