{"id":5169,"date":"2015-09-15T06:15:34","date_gmt":"2015-09-15T09:15:34","guid":{"rendered":"http:\/\/www.toque-musicall.com\/?p=5169"},"modified":"2015-09-16T23:40:51","modified_gmt":"2015-09-17T02:40:51","slug":"baden-powell-rio-das-valsas-1988","status":"publish","type":"post","link":"https:\/\/www.toque-musicall.com\/?p=5169","title":{"rendered":"Baden Powell &#8211; Rio Das Valsas (1988)"},"content":{"rendered":"<p><img loading=\"lazy\" decoding=\"async\" class=\"aligncenter\" alt=\"\" src=\"http:\/\/4.bp.blogspot.com\/-t9LPLDcdPHg\/Vfkx_oM-anI\/AAAAAAAAMHM\/foSNgSO66Jg\/s640\/capap.JPG\" width=\"640\" height=\"639\" \/><img loading=\"lazy\" decoding=\"async\" class=\"aligncenter\" alt=\"\" src=\"http:\/\/4.bp.blogspot.com\/-Yy2Ge0Yf5Qo\/Vfkx_r1ajjI\/AAAAAAAAMHQ\/_kKn-fjGIE8\/s640\/contrap.JPG\" width=\"639\" height=\"640\" \/>Indiscutivelmente, Baden Powell de Aquino (Varre-Sai, RJ, 6\/8\/1937-Rio de Janeiro, 26\/9\/2000) foi um dos maiores violonistas de todos os tempos, e um dos maiores m\u00fasicos brasileiros de seu tempo. Tamb\u00e9m not\u00e1vel compositor, teve m\u00fasicas em parceria com nomes do quilate de Billy Blanco (\u201cSamba triste\u201d), Paulo C\u00e9sar Pinheiro (\u201cLapinha\u201d, \u201cViol\u00e3o vadio\u201d) e principalmente Vin\u00edcius de Moraes, com quem assina hits inesquec\u00edveis, tais como \u201cSamba em prel\u00fadio\u201d, \u201cBerimbau\u201d, \u201cDeixa\u201d, \u201cConsola\u00e7\u00e3o\u201d e \u201cCanto de Ossanha\u201d. Baden possui uma impressionante discografia com cerca de setenta t\u00edtulos, incluindo LPs, CDs e compactos. Parte de seus discos foi gravada no exterior, em pa\u00edses como Fran\u00e7a, Alemanha e Jap\u00e3o. O Toque Musical, inclusive, j\u00e1 ofereceu a seus amigos cultos, ocultos e associados, alguns desses t\u00edtulos. Agora, tem a honra e a satisfa\u00e7\u00e3o de apresentar mais um \u00e1lbum de Baden. Trata-se de \u201cRio das valsas\u201d, \u00a0uma produ\u00e7\u00e3o independente patrocinada pelo Banerj (Banco do Estado do Rio de Janeiro, mais tarde privatizado) e gravada em 1988. Ali\u00e1s, este foi o primeiro trabalho que Baden Powell\u00a0 gravou no Brasil depois de longa temporada na Europa. Mais precisamente no Est\u00fadio Transam\u00e9rica, de S\u00e3o Paulo, ent\u00e3o um dos melhores do Brasil.<\/p>\n<div>O presente trabalho de mestre Baden, com produ\u00e7\u00e3o do grande Franco Paulino, \u00a0apresenta um selecionado e bem cuidado repert\u00f3rio de valsas, mostrando, segundo a contracapa, que a beleza do Rio de Janeiro n\u00e3o est\u00e1 apenas\u00a0 no carnaval, nas praias ou nas paisagens naturais, mas tamb\u00e9m nas valsas criadas por compositores nascidos na \u201ccidade maravilhosa\u201d.\u00a0 S\u00e3o dez faixas, nas quais Baden demonstra toda sua t\u00e9cnica e virtuosismo. E apresentando cl\u00e1ssicos imperd\u00edveis de Pixinguinha (\u201cRosa\u201d), do pr\u00f3prio Baden (\u201cValsa sem nome\u201d, \u201cVelho amigo\u201d, \u201cCan\u00e7\u00e3o do amor ausente\u201d, as tr\u00eas em parceria com Vin\u00edcius de Moraes), da dupla S\u00edlvio Caldas-Orestes Barbosa (\u201cCh\u00e3o de estrelas\u201d, daquelas que n\u00e3o tem quem n\u00e3o conhece), do flautista Pat\u00e1pio Silva (\u201cPrimeiro amor\u201d, ali\u00e1s seu maior sucesso autoral), Freire J\u00fanior (\u201cRevendo o passado\u201d). Vin\u00edcius ainda assina as outras duas faixas restantes: \u201cO que tinha de ser\u201d, de sua parceria com outro mestre, Tom Jobim, e, sozinho \u201cValsa de Eur\u00eddice\u201d, que o pr\u00f3prio Baden Powell gravou in\u00fameras vezes, inclusive no exterior.\u00a0 A contracapa tamb\u00e9m apresenta pequenas biografias dos compositores cujas obras foram aqui inclu\u00eddas, inclusive o pr\u00f3prio Baden, \u00e9 claro. Enfim, um \u00e1lbum cuidad\u00edssimo, tanto em repert\u00f3rio quanto em qualidade t\u00e9cnica e apresenta\u00e7\u00e3o gr\u00e1fica. Com tantas qualidades, que mais se pode pedir? Agora \u00e9 ouvir e desfruta<a href=\"http:\/\/depositfiles.com\/files\/sxguawqjy\" target=\"_blank\">r<\/a>&#8230;<\/div>\n<div><\/div>\n<div style=\"text-align: center;\">rosa<\/div>\n<div style=\"text-align: center;\">serenata do adeus<\/div>\n<div style=\"text-align: center;\">valsa sem nome<\/div>\n<div style=\"text-align: center;\">primeiro amor<\/div>\n<div style=\"text-align: center;\">velho amigo<\/div>\n<div style=\"text-align: center;\">o que tinha de ser<\/div>\n<div style=\"text-align: center;\">ch\u00e3o de estrelas<\/div>\n<div style=\"text-align: center;\">can\u00e7\u00e3o do amor ausente<\/div>\n<div style=\"text-align: center;\">revendo o passado<\/div>\n<div style=\"text-align: center;\">valsa de eur\u00eddice<\/div>\n<div><\/div>\n<div>*\u00a0<i>Texto de Samuel Machado Filho<\/i><\/div>\n","protected":false},"excerpt":{"rendered":"<p>Indiscutivelmente, Baden Powell de Aquino (Varre-Sai, RJ, 6\/8\/1937-Rio de Janeiro, 26\/9\/2000) foi um dos maiores violonistas de todos os tempos, e um dos maiores m\u00fasicos brasileiros de seu tempo. Tamb\u00e9m not\u00e1vel compositor, teve m\u00fasicas em parceria com nomes do quilate &hellip; <a href=\"https:\/\/www.toque-musicall.com\/?p=5169\">Continue lendo <span class=\"meta-nav\">&rarr;<\/span><\/a><\/p>\n","protected":false},"author":1,"featured_media":0,"comment_status":"open","ping_status":"closed","sticky":false,"template":"","format":"standard","meta":{"footnotes":""},"categories":[391,2602],"tags":[],"class_list":["post-5169","post","type-post","status-publish","format-standard","hentry","category-baden-powell","category-selo-ideia-livre"],"_links":{"self":[{"href":"https:\/\/www.toque-musicall.com\/index.php?rest_route=\/wp\/v2\/posts\/5169","targetHints":{"allow":["GET"]}}],"collection":[{"href":"https:\/\/www.toque-musicall.com\/index.php?rest_route=\/wp\/v2\/posts"}],"about":[{"href":"https:\/\/www.toque-musicall.com\/index.php?rest_route=\/wp\/v2\/types\/post"}],"author":[{"embeddable":true,"href":"https:\/\/www.toque-musicall.com\/index.php?rest_route=\/wp\/v2\/users\/1"}],"replies":[{"embeddable":true,"href":"https:\/\/www.toque-musicall.com\/index.php?rest_route=%2Fwp%2Fv2%2Fcomments&post=5169"}],"version-history":[{"count":2,"href":"https:\/\/www.toque-musicall.com\/index.php?rest_route=\/wp\/v2\/posts\/5169\/revisions"}],"predecessor-version":[{"id":5171,"href":"https:\/\/www.toque-musicall.com\/index.php?rest_route=\/wp\/v2\/posts\/5169\/revisions\/5171"}],"wp:attachment":[{"href":"https:\/\/www.toque-musicall.com\/index.php?rest_route=%2Fwp%2Fv2%2Fmedia&parent=5169"}],"wp:term":[{"taxonomy":"category","embeddable":true,"href":"https:\/\/www.toque-musicall.com\/index.php?rest_route=%2Fwp%2Fv2%2Fcategories&post=5169"},{"taxonomy":"post_tag","embeddable":true,"href":"https:\/\/www.toque-musicall.com\/index.php?rest_route=%2Fwp%2Fv2%2Ftags&post=5169"}],"curies":[{"name":"wp","href":"https:\/\/api.w.org\/{rel}","templated":true}]}}