{"id":5172,"date":"2015-09-16T19:29:14","date_gmt":"2015-09-16T22:29:14","guid":{"rendered":"http:\/\/www.toque-musicall.com\/?p=5172"},"modified":"2015-09-19T16:53:14","modified_gmt":"2015-09-19T19:53:14","slug":"baiano-e-os-novos-caetanos-sudamerica-1985","status":"publish","type":"post","link":"https:\/\/www.toque-musicall.com\/?p=5172","title":{"rendered":"Baiano E Os Novos Caetanos &#8211; Sudamerica (1985)"},"content":{"rendered":"<p><img loading=\"lazy\" decoding=\"async\" class=\"aligncenter\" alt=\"\" src=\"http:\/\/3.bp.blogspot.com\/-Jn6eU4V9RlU\/VfqOTk0M3kI\/AAAAAAAAMIE\/FOu_g8D8IwM\/s640\/capap.JPG\" width=\"635\" height=\"640\" \/><img loading=\"lazy\" decoding=\"async\" class=\"aligncenter\" alt=\"\" src=\"http:\/\/4.bp.blogspot.com\/-tEstRA27sd4\/VfqOS-HoXkI\/AAAAAAAAMH8\/qYUvyc63ltg\/s640\/contra.JPG\" width=\"640\" height=\"635\" \/>Boa noite, companheiros amigos cultos e ocultos! Quando eu antes vivia reclamando do pouco tempo que tinha para o blog, n\u00e3o imaginava que um dia n\u00e3o teria tempo algum. T\u00f4 bem nessa situa\u00e7\u00e3o. Mesmo assim, n\u00e3o largo o osso, continuo aos trancos e barrancos tocando o Toque Musical. O amigo Samuel tem dado uma for\u00e7a preparando algumas resenhas, mas mesmo assim ainda falta tempo para eu preparar os arquivos e vir aqui fazer a publica\u00e7\u00e3o. Por isso, as vezes as postagens saem antes dos links. Mas como eu j\u00e1 informei em outras postagens, para facilitar a vida de voc\u00eas, estou deixando sempre um link na \u00faltima letra do texto, antes da rela\u00e7\u00e3o das m\u00fasicas. Basta passar o cursor&#8230;<br \/>\nSeguindo&#8230; tenho para hoje mais um disco da dupla Arnaud Rodrigues e Chico An\u00edsio encarnados na impag\u00e1vel dupla (ou conjunto?), Baiano e Os Novos Caetanos, uma esp\u00e9cie de caricatura de Caetano Veloso somada a outra com Os Novos Baianos. Uma brincadeira que deu certo, sendo que o primeiro disco, j\u00e1 muito bem apresentado aqui pelo Samuca, continua sendo um grande sucesso e sempre revisitado pelas novas gera\u00e7\u00f5es. &#8220;Sudam\u00e9rica&#8221; foi o quarto e \u00faltimo disco da dupla, lan\u00e7ado em 1985, pela selo Ariola. Um trabalho tamb\u00e9m muito divertido e aut\u00eantico, por\u00e9m j\u00e1 sem o mesmo sabor. Os tempos eram outro<a href=\"http:\/\/depositfiles.org\/files\/r9k58l53y\" target=\"_blank\">s<\/a>&#8230;<\/p>\n<div style=\"text-align: center;\">na boca do povo<\/div>\n<div style=\"text-align: center;\">forr\u00f3z\u00e9 man\u00e9<\/div>\n<div style=\"text-align: center;\">cego \u00e9 quem n\u00e3o quer ver<\/div>\n<div style=\"text-align: center;\">pica pau<\/div>\n<div style=\"text-align: center;\">festa do algod\u00e3o<\/div>\n<div style=\"text-align: center;\">sudamerica<\/div>\n<div style=\"text-align: center;\">dance people<\/div>\n<div style=\"text-align: center;\">o brasileiro<\/div>\n<div style=\"text-align: center;\">catira caipira<\/div>\n<div style=\"text-align: center;\">tanto fez e tanto faz<\/div>\n<div style=\"text-align: center;\"><\/div>\n<div style=\"text-align: center;\">.<\/div>\n","protected":false},"excerpt":{"rendered":"<p>Boa noite, companheiros amigos cultos e ocultos! Quando eu antes vivia reclamando do pouco tempo que tinha para o blog, n\u00e3o imaginava que um dia n\u00e3o teria tempo algum. T\u00f4 bem nessa situa\u00e7\u00e3o. Mesmo assim, n\u00e3o largo o osso, continuo &hellip; <a href=\"https:\/\/www.toque-musicall.com\/?p=5172\">Continue lendo <span class=\"meta-nav\">&rarr;<\/span><\/a><\/p>\n","protected":false},"author":1,"featured_media":0,"comment_status":"open","ping_status":"closed","sticky":false,"template":"","format":"standard","meta":{"footnotes":""},"categories":[1234,2599,205,204,533],"tags":[],"class_list":["post-5172","post","type-post","status-publish","format-standard","hentry","category-arnaud-rodrigues","category-baiano-e-os-novos-caetanos","category-chico-anisio","category-chico-anysio","category-selo-ariola"],"_links":{"self":[{"href":"https:\/\/www.toque-musicall.com\/index.php?rest_route=\/wp\/v2\/posts\/5172","targetHints":{"allow":["GET"]}}],"collection":[{"href":"https:\/\/www.toque-musicall.com\/index.php?rest_route=\/wp\/v2\/posts"}],"about":[{"href":"https:\/\/www.toque-musicall.com\/index.php?rest_route=\/wp\/v2\/types\/post"}],"author":[{"embeddable":true,"href":"https:\/\/www.toque-musicall.com\/index.php?rest_route=\/wp\/v2\/users\/1"}],"replies":[{"embeddable":true,"href":"https:\/\/www.toque-musicall.com\/index.php?rest_route=%2Fwp%2Fv2%2Fcomments&post=5172"}],"version-history":[{"count":2,"href":"https:\/\/www.toque-musicall.com\/index.php?rest_route=\/wp\/v2\/posts\/5172\/revisions"}],"predecessor-version":[{"id":5177,"href":"https:\/\/www.toque-musicall.com\/index.php?rest_route=\/wp\/v2\/posts\/5172\/revisions\/5177"}],"wp:attachment":[{"href":"https:\/\/www.toque-musicall.com\/index.php?rest_route=%2Fwp%2Fv2%2Fmedia&parent=5172"}],"wp:term":[{"taxonomy":"category","embeddable":true,"href":"https:\/\/www.toque-musicall.com\/index.php?rest_route=%2Fwp%2Fv2%2Fcategories&post=5172"},{"taxonomy":"post_tag","embeddable":true,"href":"https:\/\/www.toque-musicall.com\/index.php?rest_route=%2Fwp%2Fv2%2Ftags&post=5172"}],"curies":[{"name":"wp","href":"https:\/\/api.w.org\/{rel}","templated":true}]}}