{"id":5178,"date":"2015-09-19T22:48:33","date_gmt":"2015-09-20T01:48:33","guid":{"rendered":"http:\/\/www.toque-musicall.com\/?p=5178"},"modified":"2015-09-20T09:59:11","modified_gmt":"2015-09-20T12:59:11","slug":"jorge-goulart-nora-ney-antonio-guimaraes-e-waldir-silva-feitico-da-vila-vol-1-1971","status":"publish","type":"post","link":"https:\/\/www.toque-musicall.com\/?p=5178","title":{"rendered":"Jorge Goulart, Nora Ney, Ant\u00f4nio Guimar\u00e3es E Waldir Silva &#8211; Feiti\u00e7o Da Vila Vol. 1 (1971)"},"content":{"rendered":"<p><img loading=\"lazy\" decoding=\"async\" class=\"aligncenter\" alt=\"\" src=\"http:\/\/2.bp.blogspot.com\/-nfyEE3AeDqU\/Vf30CDllk2I\/AAAAAAAAMIk\/ODtCx6nkqXQ\/s640\/capap.JPG\" width=\"640\" height=\"626\" \/><img loading=\"lazy\" decoding=\"async\" class=\"aligncenter\" alt=\"\" src=\"http:\/\/1.bp.blogspot.com\/-Wlv83ETqZf8\/Vf30CbcYBjI\/AAAAAAAAMIo\/DXDBNBwpuVI\/s640\/contrap.JPG\" width=\"631\" height=\"640\" \/>Boa noite, prezados amigos cultos e ocultos! Trago hoje para voc\u00eas um disco dos mais interessantes, um \u00e1lbum verdadeiramente raro e, por que n\u00e3o dizer, hist\u00f3rico. Um registro musical ao vivo de uma apresenta\u00e7\u00e3o na noite de belorizontina dos cantores Jorge Goulart e Nora Ney e tamb\u00e9m, de quebra, dois grandes instrumentistas mineiros, o pianista Antonio Guimar\u00e3es e o cavaquinista Waldir Silva num encontro mais que memor\u00e1vel. Sim, trata-se de um disco que poucos tiveram o prazer de conhecer porque sua tiragem foi bem limitada e nunca chegou a se relan\u00e7ado ou relembrado em alguma outra edi\u00e7\u00e3o. Suponho at\u00e9 que a pr\u00f3pria Bemol nem tenha mais as fitas master dessas grava\u00e7\u00f5es que aconteceram na numa noite de 1971, na boate Feiti\u00e7o da Vila, em Belo Horizonte. Um bel\u00edssimo show que ficou registrado em disco, mantendo-se todo o clima do ambiente, sem pausas e sem faixas, tudo muito linear. O show se abre com Nora Ney interpretando Dolores Duran, Silvio Cesar e Noel Rosa. Depois \u00e9 a vez do maestro e pianista Antonio Guimar\u00e3es que arrasa em temas de Ary Barroso. Do outro do disco o samba toma conta, novamente com Nora Ney e o parceiro Jorge Goulart que desfilam Paulino da Viola, Nelson Cavaquinho, Z\u00e9 Keti, Sinval Silva, Noel e Ary Barroso. Ah&#8230; Olha eu esquecendo do grande Waldir Silva. Ele tamb\u00e9m \u00a0est\u00e1 presente no acompanhamento e interpretando duas m\u00fasicas de Sinh\u00f4, &#8220;Gosto que me enrosco&#8221; e &#8220;Jura&#8221;.<br \/>\nSem d\u00favida, o grande destaque deste lp \u00e9 mesmo o casal Nora e Jorge. Nesta \u00e9poca eles estavam morando em Belo Horizonte. Este disco foi produzido pelo pr\u00f3prio Jorge Goulart e pelas informa\u00e7\u00f5es que colhi em uma tiragem muito pequena. A ideia inicial era a de gravar outros discos na mesma linha, registro de shows, tanto assim que este era o volume 1. Mas ao que parece, a coisa ficou s\u00f3 na vontade. Uma pena, pois pouco se tem desses registros da noite de Beag\u00e1.<br \/>\nPara esta postagem eu preparei o arquivo de maneira a facilitar a vida de voc\u00eas. Como se trata de um show (embora editado), as m\u00fasicas apresentadas n\u00e3o trazem uma separa\u00e7\u00e3o por faixas, o disco corre direto nos dois lados. Da\u00ed eu resolvi editar, mas sem tirar um segundo de grava\u00e7\u00e3o. Est\u00e1 tudo completo. Eu coloquei apenas um &#8216;fade in&#8217;e um &#8216;fade out&#8217; quando necess\u00e1rio, dividindo o disco em 16 faixas. Mas para n\u00e3o dizerem que eu aleijei ainda mais a edi\u00e7\u00e3o do show, deixo tamb\u00e9m um arquivo completo, inteiro, unindo apenas o lado A com o lado B.<br \/>\nQuando falei da raridade (e tamb\u00e9m curiosidade) deste disco n\u00e3o pensei num preciosismo que o fizesse valer tanto, segundo o pre\u00e7o &#8216;ofertado&#8217; por um maluco no Mercado Livre. O cara tem a coragem de cobrar 1390,00! Muito sem no\u00e7\u00e3<a href=\"http:\/\/depositfiles.com\/files\/5nbbithjj\" target=\"_blank\">o<\/a>&#8230;<\/p>\n<div style=\"text-align: center;\">feiti\u00e7o da vila &#8211; nora ney<\/div>\n<div style=\"text-align: center;\">solid\u00e3o &#8211; nora ney<\/div>\n<div style=\"text-align: center;\">pra voc\u00ea &#8211; nora ney<\/div>\n<div style=\"text-align: center;\">\u00faltimo desejo &#8211; nora ney<\/div>\n<div style=\"text-align: center;\">baixa do sapateiro &#8211; ant\u00f4nio guimar\u00e3es<\/div>\n<div style=\"text-align: center;\">tr\u00eas l\u00e1grimas &#8211; ant\u00f4nio guimar\u00e3es<\/div>\n<div style=\"text-align: center;\">rancho fundo &#8211; ant\u00f4nio guimar\u00e3es<\/div>\n<div style=\"text-align: center;\">taboleiro da baiana &#8211; ant\u00f4nio guimar\u00e3es<\/div>\n<div style=\"text-align: center;\">\u00e9 luxo s\u00f3 &#8211; ant\u00f4nio guimar\u00e3es<\/div>\n<div style=\"text-align: center;\">aquarela do brasil &#8211; ant\u00f4nio guimar\u00e3es<\/div>\n<div style=\"text-align: center;\">foi um rio que passou em minha vida &#8211; jorge goulart<\/div>\n<div style=\"text-align: center;\">n\u00e3o sou feliz &#8211; jorge goulart<\/div>\n<div style=\"text-align: center;\">\u00faltimo baile da monarquia &#8211; jorge goulart<\/div>\n<div style=\"text-align: center;\">gosto que me enrosco &#8211; waldir silva<\/div>\n<div style=\"text-align: center;\">jura &#8211; waldir silva<\/div>\n<div style=\"text-align: center;\">adeus batucada &#8211; nora ney<\/div>\n<div style=\"text-align: center;\">barrac\u00e3o &#8211; jorge goulart<\/div>\n<div style=\"text-align: center;\">cad\u00eancia do samba &#8211; nora ney<\/div>\n<div style=\"text-align: center;\">vai saudade &#8211; jorge goulart<\/div>\n<div style=\"text-align: center;\">vai mesmo &#8211; nora ney<\/div>\n<div style=\"text-align: center;\">o orvalho vem caindo &#8211; jorge goulart<\/div>\n<div style=\"text-align: center;\">o orvalho vem caindo &#8211; nora ney<\/div>\n<div style=\"text-align: center;\">a fonte secou &#8211; nora ney<\/div>\n<div style=\"text-align: center;\">aquarela mineira &#8211; jorge goulart<\/div>\n<div style=\"text-align: center;\">feiti\u00e7o da vila &#8211; jorge goulart e nora ney<\/div>\n<div style=\"text-align: center;\"><\/div>\n<div style=\"text-align: center;\">.<\/div>\n<p style=\"text-align: center;\">\n","protected":false},"excerpt":{"rendered":"<p>Boa noite, prezados amigos cultos e ocultos! Trago hoje para voc\u00eas um disco dos mais interessantes, um \u00e1lbum verdadeiramente raro e, por que n\u00e3o dizer, hist\u00f3rico. Um registro musical ao vivo de uma apresenta\u00e7\u00e3o na noite de belorizontina dos cantores &hellip; <a href=\"https:\/\/www.toque-musicall.com\/?p=5178\">Continue lendo <span class=\"meta-nav\">&rarr;<\/span><\/a><\/p>\n","protected":false},"author":1,"featured_media":0,"comment_status":"open","ping_status":"closed","sticky":false,"template":"","format":"standard","meta":{"footnotes":""},"categories":[206,84,160,257,853],"tags":[],"class_list":["post-5178","post","type-post","status-publish","format-standard","hentry","category-antonio-guimaraes","category-jorge-goulart","category-nora-ney","category-selo-bemol","category-waldir-silva"],"_links":{"self":[{"href":"https:\/\/www.toque-musicall.com\/index.php?rest_route=\/wp\/v2\/posts\/5178","targetHints":{"allow":["GET"]}}],"collection":[{"href":"https:\/\/www.toque-musicall.com\/index.php?rest_route=\/wp\/v2\/posts"}],"about":[{"href":"https:\/\/www.toque-musicall.com\/index.php?rest_route=\/wp\/v2\/types\/post"}],"author":[{"embeddable":true,"href":"https:\/\/www.toque-musicall.com\/index.php?rest_route=\/wp\/v2\/users\/1"}],"replies":[{"embeddable":true,"href":"https:\/\/www.toque-musicall.com\/index.php?rest_route=%2Fwp%2Fv2%2Fcomments&post=5178"}],"version-history":[{"count":2,"href":"https:\/\/www.toque-musicall.com\/index.php?rest_route=\/wp\/v2\/posts\/5178\/revisions"}],"predecessor-version":[{"id":5180,"href":"https:\/\/www.toque-musicall.com\/index.php?rest_route=\/wp\/v2\/posts\/5178\/revisions\/5180"}],"wp:attachment":[{"href":"https:\/\/www.toque-musicall.com\/index.php?rest_route=%2Fwp%2Fv2%2Fmedia&parent=5178"}],"wp:term":[{"taxonomy":"category","embeddable":true,"href":"https:\/\/www.toque-musicall.com\/index.php?rest_route=%2Fwp%2Fv2%2Fcategories&post=5178"},{"taxonomy":"post_tag","embeddable":true,"href":"https:\/\/www.toque-musicall.com\/index.php?rest_route=%2Fwp%2Fv2%2Ftags&post=5178"}],"curies":[{"name":"wp","href":"https:\/\/api.w.org\/{rel}","templated":true}]}}