{"id":518,"date":"2011-03-19T23:52:00","date_gmt":"2011-03-19T23:52:00","guid":{"rendered":"http:\/\/www.toque-musicall.com\/?p=518"},"modified":"2011-03-19T23:52:00","modified_gmt":"2011-03-19T23:52:00","slug":"cauby-peixoto-o-sucesso-na-voz-de-cauby-peixoto-1960","status":"publish","type":"post","link":"https:\/\/www.toque-musicall.com\/?p=518","title":{"rendered":"Cauby Peixoto &#8211; O Sucesso Na Voz De Cauby Peixoto (1960)"},"content":{"rendered":"<p><a href=\"http:\/\/2.bp.blogspot.com\/-4UElLYFYV68\/TYVCD7I_DxI\/AAAAAAAAH00\/Rr5YxCZ_AIE\/s1600\/cauby+P.JPG\"><img decoding=\"async\" style=\"TEXT-ALIGN: center; MARGIN: 0px auto 10px; WIDTH: 396px; DISPLAY: block; HEIGHT: 400px; CURSOR: hand\" id=\"BLOGGER_PHOTO_ID_5585943548005388050\" border=\"0\" alt=\"\" src=\"http:\/\/2.bp.blogspot.com\/-4UElLYFYV68\/TYVCD7I_DxI\/AAAAAAAAH00\/Rr5YxCZ_AIE\/s400\/cauby+P.JPG\" \/><\/a> Mesmo sem muito tempo para me dedicar ao blog neste s\u00e1bado, n\u00e3o resisti a tenta\u00e7\u00e3o de mais uma postagem. Para refor\u00e7ar o caldo, resolvi trazer um disco de verdade e como sempre prezando pelo in\u00e9dito e raro.<br \/>Ontem eu assisti \u00e0 reprise de um programa de entrevista recente (acho que foi do Globo News) com Angela Maria e o Cauby Peixoto. Peguei o programa j\u00e1 come\u00e7ado, mas valeu a pena. O Cauby em seus 80 anos continua o mesmo, uma pe\u00e7a rara (no bom sentido!). Com aquela peruca cheia, como ele gosta, estava mais parecendo uma senhora. De relance, quem o v\u00ea tamb\u00e9m acha que \u00e9. Mas o Cauby \u00e9 um tipo que est\u00e1 acima de qualquer critica maldosa. Ele \u00e9 antes de tudo um grande artista, um cantor excepcional. Fiquei impressionado com a vitalidade e afina\u00e7\u00e3o do cantor. A Angela Maria, ao contr\u00e1rio, nesse quesito j\u00e1 come\u00e7a a dar sinais de cansa\u00e7o, mas tamb\u00e9m \u00e9 outra grande cantora.<br \/>Foi meio que movido por esse encontro que eu decidi postar este \u00e1lbum. Lan\u00e7ado em 1960, quando ent\u00e3o o nosso cantor retorna \u00e0 Victor, depois da temporada nos &#8216;States&#8217;. No lp n\u00f3s encontramos um repert\u00f3rio variado, entre temas nacionais e internacionais. Cauby canta tr\u00eas m\u00fasicas da dupla Evaldo Gouveia e Jair Amorim, dois sambas bossa, um da dupla Vinicius e Tom e outro de Oscar Castro Neves. Ainda no destaque temos uma interpreta\u00e7\u00e3o impec\u00e1vel para &#8220;Mack the knife&#8221;, de Bertold Brecht, Blitzstein e Kurt Weill. H\u00e1 tamb\u00e9m o lado criativo de Cauby em duas faixas, &#8220;Mama&#8221; e &#8220;Bixio&#8221;, onde ele fez as letras.<br \/>Ta\u00ed, um bom disco para fechar a noite! Amanh\u00e3 tem mais&#8230; \ud83d\ude09<\/p>\n<div align=\"center\">conversa<\/div>\n<div align=\"center\">algu\u00e9m me disse<\/div>\n<div align=\"center\">s\u00f3 deus<\/div>\n<div align=\"center\">la violetera<\/div>\n<div align=\"center\">mack the knife<\/div>\n<div align=\"center\">rom\u00e2ntica<\/div>\n<div align=\"center\">chora tua tristeza<\/div>\n<div align=\"center\">donde estar\u00e1 mi vida<\/div>\n<div align=\"center\">a felicidade<\/div>\n<div align=\"center\">mama<\/div>\n<div align=\"center\">covarde<\/div>\n<div align=\"center\">a vila de santa bernadete<\/div>\n<div align=\"center\"> <\/div>\n<div align=\"center\"> <\/div>\n","protected":false},"excerpt":{"rendered":"<p>Mesmo sem muito tempo para me dedicar ao blog neste s\u00e1bado, n\u00e3o resisti a tenta\u00e7\u00e3o de mais uma postagem. Para refor\u00e7ar o caldo, resolvi trazer um disco de verdade e como sempre prezando pelo in\u00e9dito e raro.Ontem eu assisti \u00e0 &hellip; <a href=\"https:\/\/www.toque-musicall.com\/?p=518\">Continue lendo <span class=\"meta-nav\">&rarr;<\/span><\/a><\/p>\n","protected":false},"author":1,"featured_media":0,"comment_status":"open","ping_status":"closed","sticky":false,"template":"","format":"standard","meta":{"footnotes":""},"categories":[177,18],"tags":[],"class_list":["post-518","post","type-post","status-publish","format-standard","hentry","category-cauby-peixoto","category-selo-rca"],"_links":{"self":[{"href":"https:\/\/www.toque-musicall.com\/index.php?rest_route=\/wp\/v2\/posts\/518","targetHints":{"allow":["GET"]}}],"collection":[{"href":"https:\/\/www.toque-musicall.com\/index.php?rest_route=\/wp\/v2\/posts"}],"about":[{"href":"https:\/\/www.toque-musicall.com\/index.php?rest_route=\/wp\/v2\/types\/post"}],"author":[{"embeddable":true,"href":"https:\/\/www.toque-musicall.com\/index.php?rest_route=\/wp\/v2\/users\/1"}],"replies":[{"embeddable":true,"href":"https:\/\/www.toque-musicall.com\/index.php?rest_route=%2Fwp%2Fv2%2Fcomments&post=518"}],"version-history":[{"count":0,"href":"https:\/\/www.toque-musicall.com\/index.php?rest_route=\/wp\/v2\/posts\/518\/revisions"}],"wp:attachment":[{"href":"https:\/\/www.toque-musicall.com\/index.php?rest_route=%2Fwp%2Fv2%2Fmedia&parent=518"}],"wp:term":[{"taxonomy":"category","embeddable":true,"href":"https:\/\/www.toque-musicall.com\/index.php?rest_route=%2Fwp%2Fv2%2Fcategories&post=518"},{"taxonomy":"post_tag","embeddable":true,"href":"https:\/\/www.toque-musicall.com\/index.php?rest_route=%2Fwp%2Fv2%2Ftags&post=518"}],"curies":[{"name":"wp","href":"https:\/\/api.w.org\/{rel}","templated":true}]}}