{"id":5181,"date":"2015-09-20T11:18:49","date_gmt":"2015-09-20T14:18:49","guid":{"rendered":"http:\/\/www.toque-musicall.com\/?p=5181"},"modified":"2015-09-20T19:46:57","modified_gmt":"2015-09-20T22:46:57","slug":"antonio-carlos-jobim-featuring-gal-costa-live-in-l-a-1987-2015","status":"publish","type":"post","link":"https:\/\/www.toque-musicall.com\/?p=5181","title":{"rendered":"Antonio Carlos Jobim &#8211; Featuring Gal Costa &#8211; Live In L.A. 1987 (2015)"},"content":{"rendered":"<p><img loading=\"lazy\" decoding=\"async\" class=\"aligncenter\" alt=\"\" src=\"http:\/\/4.bp.blogspot.com\/-2143aoSgMgQ\/Vf65Uq1R95I\/AAAAAAAAMI4\/nfRisMLoGBo\/s640\/Capa%2BTM.JPG\" width=\"640\" height=\"640\" \/>Bom dia, car\u00edssimos amigos cultos e ocultos! Depois do show com Nora Ney, Jorge Goulart e companhia limitada, entrei no clima do &#8216;ao vivo&#8217; e resolvi postar aqui hoje um outro show. Desta vez eu escolhi o Tom Jobim ao lado da Gal Costa em uma apresenta\u00e7\u00e3o internacional. Um show na Am\u00e9rica, em Los Angeles, em 1987. Este show virou disco\/cd e tamb\u00e9m dvd, sendo lan\u00e7ado inicialmente no mercado internacional. Recebi uma c\u00f3pia, esta c\u00f3pia, que tem aqui seu diferencial, a inclus\u00e3o de mais m\u00fasicas e uma edi\u00e7\u00e3o especial feita pelo amigo culto Denys PR. Ele havia me enviado esse arquivo h\u00e1 mais de um ano. Eu preferi deix\u00e1-lo guardado por mais um tempo e confesso, havia at\u00e9 me esquecido. Segue agora assim, sem uma contracapa na apresenta\u00e7\u00e3o, pois n\u00e3o quero levantar bandeiras (ou no trocadilho, dar bandeira). Sei que ainda h\u00e1 muita gente querendo ganhar encima desse trabalho. Para finalizar esta apresenta\u00e7\u00e3o, eu reproduzo aqui as palavras do nosso colaborador:<\/p>\n<div><i>Hoje eu coloco a disposi\u00e7\u00e3o de voc\u00eas o \u00e1udio\u00a0completo em mp3, 41.000 Hz, 320 Kbps retirado\u00a0do Laserdisc da Polygram Videos &#8211; USA.\u00a0Esse \u00e1udio tem 58:03 , sendo que no Cd-\u00e1udio comercial\u00a0foi suprimido 11 minutos do concerto. sumiu duas\u00a0faixas, as\u00a0faixas Anos Dourados e Gabriela (Gabriela Suite).\u00a0Talvez na \u00e9poca do lan\u00e7amento do Cd n\u00e3o coubesse\u00a0o tempo total ou por problemas de direitos autorais.\u00a0Coloquei tamb\u00e9m a abertura e encerramento do\u00a0programa que se chama The Jazz Visions Theme.\u00a0(faixa 1 e faixa 16), id\u00eantico ao laserdisc &#8220;Rio Revisited 1987 &#8211; Tom Jobim &amp; Gal Costa live in\u00a0<\/i><i>concert at Wiltern Theatre, California&#8221;.\u00a0<\/i><i>Aqui vai a lista das m\u00fasica<a href=\"http:\/\/depositfiles.com\/files\/xjn8kkmhe\" target=\"_blank\">s<\/a><\/i>:<\/div>\n<div><\/div>\n<div>01 &#8211; The Jazz Visions theme &#8211; Opening<br \/>\n02 &#8211; One note samba<br \/>\n03 &#8211; Desafinado<br \/>\n04 &#8211; \u00c1gua de beber<br \/>\n05 &#8211; Dindi (com Gal Costa)<br \/>\n06 &#8211; Wave (with Gal Costa)<br \/>\n07 &#8211; Anos dourados (with Gal Costa)<br \/>\n08 &#8211; Gabriela Suite (with Gal Costa)<br \/>\n09 &#8211; Chega de saudade<br \/>\n10 &#8211; Two kites<br \/>\n11 &#8211; Samba do Soho<br \/>\n12 &#8211; Sabi\u00e1<br \/>\n13 &#8211; Samba do avi\u00e3o<br \/>\n14 &#8211; \u00c1guas de mar\u00e7o<br \/>\n15 &#8211; Corcovado (with Gal Costa)<br \/>\n16 &#8211; The Jazz visions theme &#8211; End<\/div>\n<p>&nbsp;<\/p>\n<div><\/div>\n","protected":false},"excerpt":{"rendered":"<p>Bom dia, car\u00edssimos amigos cultos e ocultos! Depois do show com Nora Ney, Jorge Goulart e companhia limitada, entrei no clima do &#8216;ao vivo&#8217; e resolvi postar aqui hoje um outro show. Desta vez eu escolhi o Tom Jobim ao &hellip; <a href=\"https:\/\/www.toque-musicall.com\/?p=5181\">Continue lendo <span class=\"meta-nav\">&rarr;<\/span><\/a><\/p>\n","protected":false},"author":1,"featured_media":0,"comment_status":"open","ping_status":"closed","sticky":false,"template":"","format":"standard","meta":{"footnotes":""},"categories":[135,11,291],"tags":[],"class_list":["post-5181","post","type-post","status-publish","format-standard","hentry","category-antonio-carlos-jobim","category-exclusivos-do-toque-musical","category-gal-costa"],"_links":{"self":[{"href":"https:\/\/www.toque-musicall.com\/index.php?rest_route=\/wp\/v2\/posts\/5181","targetHints":{"allow":["GET"]}}],"collection":[{"href":"https:\/\/www.toque-musicall.com\/index.php?rest_route=\/wp\/v2\/posts"}],"about":[{"href":"https:\/\/www.toque-musicall.com\/index.php?rest_route=\/wp\/v2\/types\/post"}],"author":[{"embeddable":true,"href":"https:\/\/www.toque-musicall.com\/index.php?rest_route=\/wp\/v2\/users\/1"}],"replies":[{"embeddable":true,"href":"https:\/\/www.toque-musicall.com\/index.php?rest_route=%2Fwp%2Fv2%2Fcomments&post=5181"}],"version-history":[{"count":2,"href":"https:\/\/www.toque-musicall.com\/index.php?rest_route=\/wp\/v2\/posts\/5181\/revisions"}],"predecessor-version":[{"id":5183,"href":"https:\/\/www.toque-musicall.com\/index.php?rest_route=\/wp\/v2\/posts\/5181\/revisions\/5183"}],"wp:attachment":[{"href":"https:\/\/www.toque-musicall.com\/index.php?rest_route=%2Fwp%2Fv2%2Fmedia&parent=5181"}],"wp:term":[{"taxonomy":"category","embeddable":true,"href":"https:\/\/www.toque-musicall.com\/index.php?rest_route=%2Fwp%2Fv2%2Fcategories&post=5181"},{"taxonomy":"post_tag","embeddable":true,"href":"https:\/\/www.toque-musicall.com\/index.php?rest_route=%2Fwp%2Fv2%2Ftags&post=5181"}],"curies":[{"name":"wp","href":"https:\/\/api.w.org\/{rel}","templated":true}]}}