{"id":5190,"date":"2015-09-24T23:38:39","date_gmt":"2015-09-25T02:38:39","guid":{"rendered":"http:\/\/www.toque-musicall.com\/?p=5190"},"modified":"2015-09-25T06:46:42","modified_gmt":"2015-09-25T09:46:42","slug":"agepe-tipo-exportacao-1978","status":"publish","type":"post","link":"https:\/\/www.toque-musicall.com\/?p=5190","title":{"rendered":"Agep\u00ea &#8211; Tipo Exporta\u00e7\u00e3o (1978)"},"content":{"rendered":"<p><img loading=\"lazy\" decoding=\"async\" class=\"aligncenter\" alt=\"\" src=\"http:\/\/2.bp.blogspot.com\/-qaCI6v_gKiY\/VgSwOi9UvfI\/AAAAAAAAMJc\/lxFD1NfIOIk\/s640\/agepe%2BFp.JPG\" width=\"634\" height=\"640\" \/><img loading=\"lazy\" decoding=\"async\" class=\"aligncenter\" alt=\"\" src=\"http:\/\/4.bp.blogspot.com\/-LtGSZ7r2pWg\/VgSwPEoIWsI\/AAAAAAAAMJk\/uvkMRAyQxmg\/s640\/agepe%2BBp.JPG\" width=\"636\" height=\"640\" \/>Ele se chamava Ant\u00f4nio G\u00edlson Porf\u00edrio. E foi da pron\u00fancia fon\u00e9tica das iniciais de seu nome que se originou o pseud\u00f4nimo com o qual ele ficaria para a posteridade: Agep\u00ea. Nascido no Rio de Janeiro, a 10 de agosto de 1942, filho de uma alagoana de origem \u00edndia e de pai m\u00fasico, passou a inf\u00e2ncia quase na mis\u00e9ria, no Morro do Juramento, Zona Norte carioca. \u00d3rf\u00e3o de pai ainda menino, foi \u00e0 luta para ajudar a m\u00e3e faxineira. Aos 18 anos, enquanto prestava servi\u00e7o militar na Aeron\u00e1utica, arregimentou uma gangue e fugia sistematicamente do quartel para namorar. Acabou sendo inevitavelmente expulso da corpora\u00e7\u00e3o&#8230; \u00a0Como integrante da ala de compositores da Escola de Samba Portela, Agep\u00ea era uma esp\u00e9cie de \u00eddolo de plant\u00e3o, e estava sempre presente nos ensaios e desfiles da \u201cazul e branco\u201d. Antes de conquistar a almejada fama, trabalhou como transportador de bagagens, sendo conhecido, nesse tempo, como Ripinha, office-boy da Embaixada da Alemanha no Rio de Janeiro e t\u00e9cnico-projetista da extinta Telerj (Telecomunica\u00e7\u00f5es do Rio de Janeiro), of\u00edcio que abandonou para seguir a carreira art\u00edstico-musical. Em 1975, Agep\u00ea consegue seu primeiro \u00eaxito logo no primeiro compacto simples, pela Continental, com \u201cMoro onde n\u00e3o mora ningu\u00e9m\u201d, que fez junto com Can\u00e1rio, seu mais constante parceiro, e que daria t\u00edtulo a seu primeiro LP. Esse foi o pontap\u00e9 inicial para uma trajet\u00f3ria repleta de sucessos, tais como \u201cTodo prosa\u201d, \u201cSete domingos\u201d, \u201cMo\u00e7a crian\u00e7a\u201d, \u201cMenina de cabelos longos\u201d, \u201cA dan\u00e7a do meu lugar\u201d, \u201cEla n\u00e3o gosta de mim\u201d, \u201cDeixa eu te amar\u201d (talvez o maior de todos), \u201cMe leva\u201d, \u201cL\u00e1 vem o trem\u201d etc., conquistando um p\u00fablico cada vez mais fiel. \u00a0Seu ecl\u00e9tico repert\u00f3rio, al\u00e9m de sambas, tinha tamb\u00e9m ritmos nordestinos, em especial o bai\u00e3o. Apresentando-se em impec\u00e1veis ternos de cetim branco e sapatos de cromo da mesma cor, Agep\u00ea era o s\u00edmbolo do som rom\u00e2ntico, que \u00e0s vezes at\u00e9 beirava a sensualidade. Humilde, creditava seu sucesso ao fato de j\u00e1 ter vivido \u201cde A a Z\u201d, e, por isso, saber a linguagem do povo. Tamb\u00e9m obteve \u00eaxito com sua regrava\u00e7\u00e3o de \u201cCama e mesa\u201d, de Roberto &amp; Erasmo Carlos, em 1992. Agep\u00ea faleceu no dia 30 de agosto de 1995, aos 53 anos, em seu Rio de Janeiro natal, vitimado por cirrose alco\u00f3lica, deixando uma discografia de quinze \u00e1lbuns de carreira (o \u00faltimo deles, \u201cFeliz da vida\u201d, foi lan\u00e7ado um ano antes de sua morte, em 1994), e alguns compactos.\u00a0 Dela, o Toque Musical oferece hoje, a seus amigos cultos, ocultos e associados, o terceiro LP, \u201cTipo exporta\u00e7\u00e3o\u201d, lan\u00e7ado em 1978 pela Continental. Aqui, ele conta com m\u00fasicos de primeiro time, a come\u00e7ar pelo arranjador e regente, Waltel Branco, o acordeonista Sivuca, o gaitista Maur\u00edcio Einhorn, o violonista Horondino Silva, o Dino Sete Cordas, o baterista Picol\u00e9, os percussionistas Chico Batera, Mestre Mar\u00e7al\u00a0 e Pedro Sorongo, o tecladista Lincoln Olivetti, etc. No coro, a curiosidade vai para a presen\u00e7a de Roberto Quartin, propriet\u00e1rio, nos anos 1960, da gravadora Forma, que produzia MPB de alta qualidade e era f\u00e3 incondicional de Frank Sinatra, chegando a ter um complet\u00edssimo acervo a respeito do cantor norte-americano, inclusive com registros sonoros in\u00e9ditos em disco. O pr\u00f3prio Agep\u00ea e seu insepar\u00e1vel parceiro Can\u00e1rio assinam cinco m\u00fasicas deste trabalho, entre elas \u201cOper\u00e1rio Pedr\u00e3o\u201d (o t\u00edtulo talvez seja refer\u00eancia ao concurso Oper\u00e1rio Padr\u00e3o, durante anos promovido pelo Sesi em parceria com o jornal carioca \u201cO Globo\u201d), \u201cA musa dos her\u00f3is\u201d e \u201cDia de gra\u00e7a\u201d. Marcam tamb\u00e9m presen\u00e7a neste primoroso trabalho composi\u00e7\u00f5es de Ary do Cavaco (\u201cPrece a Padim Ci\u00e7o\u201d), das duplas Romildo Bastos-Toninho Nascimento (\u201cMorena da cor da Bahia\u201d) e Wilson Moreira-Ney Lopes (\u201cSamba Ioi\u00f4\u201d).\u00a0 Enfim, um trabalho musical da mais alta qualidade t\u00e9cnica e art\u00edstica, que o TM tem a grata satisfa\u00e7\u00e3o de oferecer. D\u00e1 pra pedir mai<a href=\"http:\/\/depositfiles.com\/files\/2zijdb94x\" target=\"_blank\">s<\/a>?<\/p>\n<div style=\"text-align: center;\">mundo bom<\/div>\n<div style=\"text-align: center;\">eu e a violinha<\/div>\n<div style=\"text-align: center;\">samba yoy\u00f4<\/div>\n<div style=\"text-align: center;\">bandeira de vilma<\/div>\n<div style=\"text-align: center;\">prece a padim ci\u00e7o<\/div>\n<div style=\"text-align: center;\">oper\u00e1rio padr\u00e3o<\/div>\n<div style=\"text-align: center;\">a musa dos her\u00f3is<\/div>\n<div style=\"text-align: center;\">dia de gra\u00e7a<\/div>\n<div style=\"text-align: center;\">um samba no ba\u00fa<\/div>\n<div style=\"text-align: center;\">morena da cor da bahia<\/div>\n<div><\/div>\n<div>* Texto de Samuel Machado Filho<\/div>\n<p>&nbsp;<\/p>\n","protected":false},"excerpt":{"rendered":"<p>Ele se chamava Ant\u00f4nio G\u00edlson Porf\u00edrio. E foi da pron\u00fancia fon\u00e9tica das iniciais de seu nome que se originou o pseud\u00f4nimo com o qual ele ficaria para a posteridade: Agep\u00ea. Nascido no Rio de Janeiro, a 10 de agosto de &hellip; <a href=\"https:\/\/www.toque-musicall.com\/?p=5190\">Continue lendo <span class=\"meta-nav\">&rarr;<\/span><\/a><\/p>\n","protected":false},"author":1,"featured_media":0,"comment_status":"open","ping_status":"closed","sticky":false,"template":"","format":"standard","meta":{"footnotes":""},"categories":[2603],"tags":[],"class_list":["post-5190","post","type-post","status-publish","format-standard","hentry","category-agepe"],"_links":{"self":[{"href":"https:\/\/www.toque-musicall.com\/index.php?rest_route=\/wp\/v2\/posts\/5190","targetHints":{"allow":["GET"]}}],"collection":[{"href":"https:\/\/www.toque-musicall.com\/index.php?rest_route=\/wp\/v2\/posts"}],"about":[{"href":"https:\/\/www.toque-musicall.com\/index.php?rest_route=\/wp\/v2\/types\/post"}],"author":[{"embeddable":true,"href":"https:\/\/www.toque-musicall.com\/index.php?rest_route=\/wp\/v2\/users\/1"}],"replies":[{"embeddable":true,"href":"https:\/\/www.toque-musicall.com\/index.php?rest_route=%2Fwp%2Fv2%2Fcomments&post=5190"}],"version-history":[{"count":3,"href":"https:\/\/www.toque-musicall.com\/index.php?rest_route=\/wp\/v2\/posts\/5190\/revisions"}],"predecessor-version":[{"id":5193,"href":"https:\/\/www.toque-musicall.com\/index.php?rest_route=\/wp\/v2\/posts\/5190\/revisions\/5193"}],"wp:attachment":[{"href":"https:\/\/www.toque-musicall.com\/index.php?rest_route=%2Fwp%2Fv2%2Fmedia&parent=5190"}],"wp:term":[{"taxonomy":"category","embeddable":true,"href":"https:\/\/www.toque-musicall.com\/index.php?rest_route=%2Fwp%2Fv2%2Fcategories&post=5190"},{"taxonomy":"post_tag","embeddable":true,"href":"https:\/\/www.toque-musicall.com\/index.php?rest_route=%2Fwp%2Fv2%2Ftags&post=5190"}],"curies":[{"name":"wp","href":"https:\/\/api.w.org\/{rel}","templated":true}]}}