{"id":5197,"date":"2015-09-26T22:49:53","date_gmt":"2015-09-27T01:49:53","guid":{"rendered":"http:\/\/www.toque-musicall.com\/?p=5197"},"modified":"2015-09-28T05:59:03","modified_gmt":"2015-09-28T08:59:03","slug":"pacifico-mascarenhas-sambacana-vi-1988","status":"publish","type":"post","link":"https:\/\/www.toque-musicall.com\/?p=5197","title":{"rendered":"Pac\u00edfico Mascarenhas &#8211; Sambacana VI (1988)"},"content":{"rendered":"<p><img loading=\"lazy\" decoding=\"async\" class=\"aligncenter\" alt=\"\" src=\"http:\/\/3.bp.blogspot.com\/-VRUuHxStVsU\/VgiS0WOFDnI\/AAAAAAAAMKc\/Om76kVs2RCs\/s640\/capap.JPG\" width=\"640\" height=\"637\" \/><img loading=\"lazy\" decoding=\"async\" class=\"aligncenter\" alt=\"\" src=\"http:\/\/1.bp.blogspot.com\/-s5gCKFK2fLY\/VgiSyoRdyNI\/AAAAAAAAMKU\/dkEIcdKAEvU\/s640\/contrap.JPG\" width=\"637\" height=\"640\" \/>Boa noite, meus prezados amigos cultos e ocultos! Tenho hoje para voc\u00eas este lp do compositor mineiro Pac\u00edfico Mascarenhas, considerado o pioneiro da Bossa Nova em Minas Gerais. J\u00e1 apresentei aqui outros discos dele. Este, inclusive, eu achava que j\u00e1 tinha postado. A capa \u00e9 bem legal com fotos da turma da Savassi, nos anos 50. Savassi era o nome de uma padaria, depois tamb\u00e9m deu nome a pra\u00e7a onde um dia ela existiu. Pac\u00edf\u00edco fazia parte desse grupo.<br \/>\nNeste \u00e1lbum, de capa dupla, lan\u00e7ado com selo Bemol em 1988, Pac\u00edfico Mascarenhas nos apresenta um repert\u00f3rio autoral, com regrava\u00e7\u00f5es e novas composi\u00e7\u00f5es. Seu Sambacana VI conta com um time de m\u00fasicos de primeir\u00edssima: Helvius Vilela, Juarez Moreira, Ezequiel Lima, Rubinho e Lincoln Cheib. Na contracapa, como podemos ver, al\u00e9m das letras, temos tamb\u00e9m o m\u00e9todo para acompanhamento de piano patenteado pelo artist<a href=\"http:\/\/depositfiles.com\/files\/tos7pi8fg\" target=\"_blank\">a<\/a>.<\/p>\n<div style=\"text-align: center;\">amo voc\u00ea<\/div>\n<div style=\"text-align: center;\">poderia escrever um livro<\/div>\n<div style=\"text-align: center;\">serenata<\/div>\n<div style=\"text-align: center;\">demoli\u00e7\u00e3o<\/div>\n<div style=\"text-align: center;\">pra\u00e7a da savassi<\/div>\n<div style=\"text-align: center;\">leva-me pra lua<\/div>\n<div style=\"text-align: center;\">rio de janeiro<\/div>\n<div style=\"text-align: center;\">outras noites assim<\/div>\n<div style=\"text-align: center;\">f\u00e9rias<\/div>\n<div style=\"text-align: center;\">eu gosto mais do rio<\/div>\n<div style=\"text-align: center;\">da sua pr\u00f3pria voz<\/div>\n<div style=\"text-align: center;\">se eu tivesse coragem<\/div>\n<div style=\"text-align: center;\">dan\u00e7ando com voc\u00ea<\/div>\n<div style=\"text-align: center;\">nosso amor n\u00e3o deu certo<\/div>\n<div style=\"text-align: center;\"><\/div>\n<div style=\"text-align: center;\">.<\/div>\n<p>&nbsp;<\/p>\n","protected":false},"excerpt":{"rendered":"<p>Boa noite, meus prezados amigos cultos e ocultos! Tenho hoje para voc\u00eas este lp do compositor mineiro Pac\u00edfico Mascarenhas, considerado o pioneiro da Bossa Nova em Minas Gerais. J\u00e1 apresentei aqui outros discos dele. Este, inclusive, eu achava que j\u00e1 &hellip; <a href=\"https:\/\/www.toque-musicall.com\/?p=5197\">Continue lendo <span class=\"meta-nav\">&rarr;<\/span><\/a><\/p>\n","protected":false},"author":1,"featured_media":0,"comment_status":"open","ping_status":"closed","sticky":false,"template":"","format":"standard","meta":{"footnotes":""},"categories":[1180,257],"tags":[],"class_list":["post-5197","post","type-post","status-publish","format-standard","hentry","category-pacifico-mascarenhas","category-selo-bemol"],"_links":{"self":[{"href":"https:\/\/www.toque-musicall.com\/index.php?rest_route=\/wp\/v2\/posts\/5197","targetHints":{"allow":["GET"]}}],"collection":[{"href":"https:\/\/www.toque-musicall.com\/index.php?rest_route=\/wp\/v2\/posts"}],"about":[{"href":"https:\/\/www.toque-musicall.com\/index.php?rest_route=\/wp\/v2\/types\/post"}],"author":[{"embeddable":true,"href":"https:\/\/www.toque-musicall.com\/index.php?rest_route=\/wp\/v2\/users\/1"}],"replies":[{"embeddable":true,"href":"https:\/\/www.toque-musicall.com\/index.php?rest_route=%2Fwp%2Fv2%2Fcomments&post=5197"}],"version-history":[{"count":2,"href":"https:\/\/www.toque-musicall.com\/index.php?rest_route=\/wp\/v2\/posts\/5197\/revisions"}],"predecessor-version":[{"id":5199,"href":"https:\/\/www.toque-musicall.com\/index.php?rest_route=\/wp\/v2\/posts\/5197\/revisions\/5199"}],"wp:attachment":[{"href":"https:\/\/www.toque-musicall.com\/index.php?rest_route=%2Fwp%2Fv2%2Fmedia&parent=5197"}],"wp:term":[{"taxonomy":"category","embeddable":true,"href":"https:\/\/www.toque-musicall.com\/index.php?rest_route=%2Fwp%2Fv2%2Fcategories&post=5197"},{"taxonomy":"post_tag","embeddable":true,"href":"https:\/\/www.toque-musicall.com\/index.php?rest_route=%2Fwp%2Fv2%2Ftags&post=5197"}],"curies":[{"name":"wp","href":"https:\/\/api.w.org\/{rel}","templated":true}]}}