{"id":52,"date":"2012-05-27T19:22:00","date_gmt":"2012-05-27T19:22:00","guid":{"rendered":"http:\/\/www.toque-musicall.com\/?p=52"},"modified":"2012-05-27T19:22:00","modified_gmt":"2012-05-27T19:22:00","slug":"jose-festa-e-choroes-da-pauliceia-1976","status":"publish","type":"post","link":"https:\/\/www.toque-musicall.com\/?p=52","title":{"rendered":"Jos\u00e9 Festa E Chor\u00f5es Da Paulic\u00e9ia (1976)"},"content":{"rendered":"<div style=\"clear: both; text-align: center;\"><a href=\"http:\/\/2.bp.blogspot.com\/-NTrBnItHLWY\/T8JkU4rMgBI\/AAAAAAAACaM\/IEFfsYtoH4U\/s1600\/capap.JPG\" style=\"margin-left: 1em; margin-right: 1em;\"><img loading=\"lazy\" decoding=\"async\" border=\"0\" height=\"398\" src=\"http:\/\/2.bp.blogspot.com\/-NTrBnItHLWY\/T8JkU4rMgBI\/AAAAAAAACaM\/IEFfsYtoH4U\/s400\/capap.JPG\" width=\"400\" \/><\/a><\/div>\n<div style=\"clear: both; text-align: center;\"><a href=\"http:\/\/4.bp.blogspot.com\/-iq8zUDKsGH8\/T8JkQtRXfBI\/AAAAAAAACaE\/OyPZJLogRiE\/s1600\/contracapap.JPG\" style=\"margin-left: 1em; margin-right: 1em;\"><img loading=\"lazy\" decoding=\"async\" border=\"0\" height=\"400\" src=\"http:\/\/4.bp.blogspot.com\/-iq8zUDKsGH8\/T8JkQtRXfBI\/AAAAAAAACaE\/OyPZJLogRiE\/s400\/contracapap.JPG\" width=\"397\" \/><\/a><\/div>\n<p>Boa noite, amigos cultos, ocultos e associados! Meu s\u00e1bado tamb\u00e9m est\u00e1 sendo corrido, da\u00ed, s\u00f3 agora achei um momento para nossa postagem. Eu havia trocado a sexta pelo s\u00e1bado e vice versa. Hoje ent\u00e3o teremos um independente. Vamos com o trombonista Jos\u00e9 Festa e Os Chor\u00f5es da Paulic\u00e9ia, no disco &#8220;Festival de Trombone&#8221;, lan\u00e7ado em 1976 por um selo independente e distribu\u00eddo pela gravadora e editora Crazy, de S\u00e3o Paulo. Jos\u00e9 Festa e os Chor\u00f5es da Paulic\u00e9ia nos trazem um \u00e1lbum da melhor qualidade. S\u00e3o dez choros, quase todos de autoria de Jos\u00e9 Festa, onde o trombone, um instrumento singular no choro, principalmente como solista, d\u00e1 ao g\u00eanero um sabor diferente e muito agrad\u00e1vel. Jos\u00e9 Festa \u00e9 um nome conhecido, mas entre os entendidos de chorinho. Infelizmente, pela rede, n\u00e3o achei muita coisa a seu respeito. Como sempre tenho feito, deixo aqui aberto o coment\u00e1rio para quem quiser e puder nos dar mais informa\u00e7\u00f5es sobre o artista. Uma coisa eu garanto, um disco de choro da melhor qualidade! Confiram&#8230;<\/p>\n<div style=\"text-align: center;\">ele e ela<\/div>\n<div style=\"text-align: center;\">boi garantido<\/div>\n<div style=\"text-align: center;\">baloi em sete cordas<\/div>\n<div style=\"text-align: center;\">um choro no espanha<\/div>\n<div style=\"text-align: center;\">candangos de bras\u00edlia<\/div>\n<div style=\"text-align: center;\">dito aleixo, minha saudade<\/div>\n<div style=\"text-align: center;\">felicidade<\/div>\n<div style=\"text-align: center;\">primeira em f\u00e1 maior<\/div>\n<div style=\"text-align: center;\">chorando por alguem<\/div>\n<div style=\"text-align: center;\">cuidado com ele<\/div>\n<p><\/p>\n","protected":false},"excerpt":{"rendered":"<p>Boa noite, amigos cultos, ocultos e associados! Meu s\u00e1bado tamb\u00e9m est\u00e1 sendo corrido, da\u00ed, s\u00f3 agora achei um momento para nossa postagem. Eu havia trocado a sexta pelo s\u00e1bado e vice versa. Hoje ent\u00e3o teremos um independente. Vamos com o &hellip; <a href=\"https:\/\/www.toque-musicall.com\/?p=52\">Continue lendo <span class=\"meta-nav\">&rarr;<\/span><\/a><\/p>\n","protected":false},"author":1,"featured_media":0,"comment_status":"open","ping_status":"closed","sticky":false,"template":"","format":"standard","meta":{"footnotes":""},"categories":[63,25],"tags":[],"class_list":["post-52","post","type-post","status-publish","format-standard","hentry","category-jose-festa-e-choroes-da-pauliceia","category-selo-independente"],"_links":{"self":[{"href":"https:\/\/www.toque-musicall.com\/index.php?rest_route=\/wp\/v2\/posts\/52","targetHints":{"allow":["GET"]}}],"collection":[{"href":"https:\/\/www.toque-musicall.com\/index.php?rest_route=\/wp\/v2\/posts"}],"about":[{"href":"https:\/\/www.toque-musicall.com\/index.php?rest_route=\/wp\/v2\/types\/post"}],"author":[{"embeddable":true,"href":"https:\/\/www.toque-musicall.com\/index.php?rest_route=\/wp\/v2\/users\/1"}],"replies":[{"embeddable":true,"href":"https:\/\/www.toque-musicall.com\/index.php?rest_route=%2Fwp%2Fv2%2Fcomments&post=52"}],"version-history":[{"count":0,"href":"https:\/\/www.toque-musicall.com\/index.php?rest_route=\/wp\/v2\/posts\/52\/revisions"}],"wp:attachment":[{"href":"https:\/\/www.toque-musicall.com\/index.php?rest_route=%2Fwp%2Fv2%2Fmedia&parent=52"}],"wp:term":[{"taxonomy":"category","embeddable":true,"href":"https:\/\/www.toque-musicall.com\/index.php?rest_route=%2Fwp%2Fv2%2Fcategories&post=52"},{"taxonomy":"post_tag","embeddable":true,"href":"https:\/\/www.toque-musicall.com\/index.php?rest_route=%2Fwp%2Fv2%2Ftags&post=52"}],"curies":[{"name":"wp","href":"https:\/\/api.w.org\/{rel}","templated":true}]}}