{"id":520,"date":"2011-03-18T10:00:00","date_gmt":"2011-03-18T10:00:00","guid":{"rendered":"http:\/\/www.toque-musicall.com\/?p=520"},"modified":"2011-03-18T10:00:00","modified_gmt":"2011-03-18T10:00:00","slug":"claudio-mourao-cuma-e-1992","status":"publish","type":"post","link":"https:\/\/www.toque-musicall.com\/?p=520","title":{"rendered":"Claudio Mour\u00e3o &#8211; Cuma-\u00c9 (1992)"},"content":{"rendered":"<div><a href=\"http:\/\/1.bp.blogspot.com\/-giObk_WRoCg\/TYM1kF_bAlI\/AAAAAAAAH0c\/hbUgaPlcL-U\/s1600\/claudio+P.JPG\"><img decoding=\"async\" style=\"text-align: center; margin: 0px auto 10px; width: 400px; display: block; height: 398px;\" id=\"BLOGGER_PHOTO_ID_5585366857069298258\" alt=\"\" src=\"http:\/\/1.bp.blogspot.com\/-giObk_WRoCg\/TYM1kF_bAlI\/AAAAAAAAH0c\/hbUgaPlcL-U\/s400\/claudio+P.JPG\" border=\"0\" \/><\/a> Ol\u00e1, amigos cultos e ocultos! Estou devendo novos &#8216;toques&#8217; para algumas postagens antigas. J\u00e1 recebi os recados, mas ainda n\u00e3o tive tempo para fazer as corre\u00e7\u00f5es. Por favor, aguardem at\u00e9 o in\u00edcio da pr\u00f3xima semana, ok?<\/div>\n<p>Tenho hoje para apresentar um disco de produ\u00e7\u00e3o independente do mineiro Cl\u00e1udio Mour\u00e3o, lan\u00e7ado orignalmente em 1992, &#8216;solamente&#8217; em lp. Cl\u00e1udio \u00e9 um cantor e compositor que tem, como todos os m\u00fasicos mineiros, um elo forte com o &#8220;Clube da Esquina&#8221;. Inspirado em Bossa Nova, rock progressivo, instrumental e jazz. Pelo que eu pude verificar, ele relan\u00e7ou o disco no formato cd. Vi no <a href=\"http:\/\/www.claudiomourao.com\/\">site<\/a>. Por\u00e9m, l\u00e1 n\u00e3o consta datas. Suponho que tenha sido j\u00e1 h\u00e1 algum tempo. Ao saber disso, quase desisti de post\u00e1-lo. Mas como se trata de produ\u00e7\u00e3o independente e de distribui\u00e7\u00e3o limitada, tenho certeza que a divulga\u00e7\u00e3o atrav\u00e9s do Toque Musical s\u00f3 ir\u00e1 favorecer.<br \/>Na rede n\u00e3o h\u00e1 muitas informa\u00e7\u00f5es sobre este artista, eu mesmo n\u00e3o sei muito al\u00e9m do que h\u00e1 no \u00e1lbum. Acredito que &#8220;Cuma \u00c9&#8221; foi seu primeiro e \u00fanico disco. Por certo ele n\u00e3o ficou s\u00f3 neste disco por falta de qualidade. Ouvindo, voc\u00eas saber\u00e3o que muito pelo contr\u00e1rio, o artista \u00e9 bom e o disco tamb\u00e9m. As m\u00fasicas s\u00e3o quase todas de sua autoria ou parceria. Tocam com ele um pouco da nata dos instrumentistas mineiros. Gente como Juarez Moreira, que faz aqui a dire\u00e7\u00e3o musical e os arranjos; Fl\u00e1vio Venturini; Ezequiel Lima, Nenem, Ivan Correia e outros&#8230;<br \/>Diquinho bacana, podem conferir&#8230;<\/p>\n<div style=\"text-align: center;\">as sete cores<br \/>a era de aqu\u00e1rio<br \/>os mist\u00e9rios da paix\u00e3o<br \/>cuma \u00e9<br \/>anjo<br \/>pala<br \/>imagem<br \/>refletino<br \/>sentimento de artista<br \/>os mist\u00e9rios da paix\u00e3o (instrumental)<\/p>\n<p><\/div>\n","protected":false},"excerpt":{"rendered":"<p>Ol\u00e1, amigos cultos e ocultos! Estou devendo novos &#8216;toques&#8217; para algumas postagens antigas. J\u00e1 recebi os recados, mas ainda n\u00e3o tive tempo para fazer as corre\u00e7\u00f5es. Por favor, aguardem at\u00e9 o in\u00edcio da pr\u00f3xima semana, ok? Tenho hoje para apresentar &hellip; <a href=\"https:\/\/www.toque-musicall.com\/?p=520\">Continue lendo <span class=\"meta-nav\">&rarr;<\/span><\/a><\/p>\n","protected":false},"author":1,"featured_media":0,"comment_status":"open","ping_status":"closed","sticky":false,"template":"","format":"standard","meta":{"footnotes":""},"categories":[803],"tags":[],"class_list":["post-520","post","type-post","status-publish","format-standard","hentry","category-claudio-mourao"],"_links":{"self":[{"href":"https:\/\/www.toque-musicall.com\/index.php?rest_route=\/wp\/v2\/posts\/520","targetHints":{"allow":["GET"]}}],"collection":[{"href":"https:\/\/www.toque-musicall.com\/index.php?rest_route=\/wp\/v2\/posts"}],"about":[{"href":"https:\/\/www.toque-musicall.com\/index.php?rest_route=\/wp\/v2\/types\/post"}],"author":[{"embeddable":true,"href":"https:\/\/www.toque-musicall.com\/index.php?rest_route=\/wp\/v2\/users\/1"}],"replies":[{"embeddable":true,"href":"https:\/\/www.toque-musicall.com\/index.php?rest_route=%2Fwp%2Fv2%2Fcomments&post=520"}],"version-history":[{"count":0,"href":"https:\/\/www.toque-musicall.com\/index.php?rest_route=\/wp\/v2\/posts\/520\/revisions"}],"wp:attachment":[{"href":"https:\/\/www.toque-musicall.com\/index.php?rest_route=%2Fwp%2Fv2%2Fmedia&parent=520"}],"wp:term":[{"taxonomy":"category","embeddable":true,"href":"https:\/\/www.toque-musicall.com\/index.php?rest_route=%2Fwp%2Fv2%2Fcategories&post=520"},{"taxonomy":"post_tag","embeddable":true,"href":"https:\/\/www.toque-musicall.com\/index.php?rest_route=%2Fwp%2Fv2%2Ftags&post=520"}],"curies":[{"name":"wp","href":"https:\/\/api.w.org\/{rel}","templated":true}]}}