{"id":5208,"date":"2015-10-01T20:47:09","date_gmt":"2015-10-01T23:47:09","guid":{"rendered":"http:\/\/www.toque-musicall.com\/?p=5208"},"modified":"2015-10-01T20:47:09","modified_gmt":"2015-10-01T23:47:09","slug":"varios-juventude-e-ritmo-1969","status":"publish","type":"post","link":"https:\/\/www.toque-musicall.com\/?p=5208","title":{"rendered":"V\u00e1rios &#8211; Juventude E Ritmo (1969)"},"content":{"rendered":"<p><img loading=\"lazy\" decoding=\"async\" class=\"aligncenter\" alt=\"\" src=\"http:\/\/4.bp.blogspot.com\/-MTrhtkIaWp8\/Vg2x5UBwyAI\/AAAAAAAAMLo\/LmiQbbDwaZs\/s640\/capap.JPG\" width=\"640\" height=\"640\" \/><img loading=\"lazy\" decoding=\"async\" class=\"aligncenter\" alt=\"\" src=\"http:\/\/2.bp.blogspot.com\/-xYRgWr8T1Ek\/Vg2x46zF_aI\/AAAAAAAAMLg\/U186tmvmz-c\/s640\/contrap.JPG\" width=\"636\" height=\"640\" \/>Ol\u00e1 amigos cultos e ocultos! Finalmente uma brecha nesta quinta-feira. D\u00e1 tempo de vir aqui e postar alguma coisa. Na verdade, estou cheio de coisas para se ouvir com outros olhos, mas o que tem pegado \u00e9 a disponibilidade do Augusto aqui&#8230;<br \/>\nEstou trazendo hoje um disco que agora est\u00e1 l\u00e1 no Jap\u00e3o. Comprei para um colecionador com quem negociei outros discos. Sinceramente, acho que ele pagou caro por uma colet\u00e2nea como esta que traz, sem d\u00favida, algumas peculiaridades e sucessos do final dos anos 60. Jovem Guarda em seu \u00faltimo suspiro. Temos, por exemplo o Luiz Ayr\u00e3o que passou pela Jovem Guarda, mas acabou fazendo sucesso mesmo foi no samba. A cantora Elizabeth vem com a faixa &#8220;Tanto amor sem ter ningu\u00e9m pr\u00e1 dar&#8221;, m\u00fasica que segundo o meu amigo Samuca, s\u00f3 saiu neste lp. F\u00e1bio, aquele do LSD, canta desesperado a sua &#8220;Stella&#8221;, m\u00fasica de relativo sucesso na \u00e9poca. Seguem tamb\u00e9m outros ultra rom\u00e2nticos M\u00e1rcio Alexandre e Jos\u00e9 Ricardo. E tamb\u00e9m na fita, quero dizer, na faixa, A Turma do Embalo, dando um tom mais descontra\u00eddo e divertido ao disco. Vale uma conferida&#8230;<\/p>\n<div style=\"text-align: center;\">tanto amor sem ter ningu\u00e9m pra dar &#8211; elizabeth<\/div>\n<div style=\"text-align: center;\">preciso de voc\u00ea demais &#8211; jos\u00e9 ricardo<\/div>\n<div style=\"text-align: center;\">uma can\u00e7\u00e3o, eu e voc\u00ea &#8211; fabio<\/div>\n<div style=\"text-align: center;\">que vale a vida sem amor &#8211; luiz ayr\u00e3o<\/div>\n<div style=\"text-align: center;\">pedrinha de gelo &#8211; m\u00e1rcio alexandre<\/div>\n<div style=\"text-align: center;\">those were the days &#8211; a turma do embalo<\/div>\n<div style=\"text-align: center;\">stella &#8211; f\u00e1bio<\/div>\n<div style=\"text-align: center;\">banho de sorvete &#8211; a turma do embalo<\/div>\n<div style=\"text-align: center;\">n\u00e3o me deixe nunca mais &#8211; elizabeth<\/div>\n<div style=\"text-align: center;\">a palavra \u00e9 voc\u00ea &#8211; jos\u00e9 ricardo<\/div>\n<div style=\"text-align: center;\">alucinado por voc\u00ea &#8211; m\u00e1rcio alexancre<\/div>\n<div style=\"text-align: center;\">tr\u00eas tempos &#8211; luiz ayr\u00e3o<\/div>\n<div style=\"text-align: center;\"><\/div>\n<div style=\"text-align: center;\">.<\/div>\n<p style=\"text-align: center;\">\n","protected":false},"excerpt":{"rendered":"<p>Ol\u00e1 amigos cultos e ocultos! Finalmente uma brecha nesta quinta-feira. D\u00e1 tempo de vir aqui e postar alguma coisa. Na verdade, estou cheio de coisas para se ouvir com outros olhos, mas o que tem pegado \u00e9 a disponibilidade do &hellip; <a href=\"https:\/\/www.toque-musicall.com\/?p=5208\">Continue lendo <span class=\"meta-nav\">&rarr;<\/span><\/a><\/p>\n","protected":false},"author":1,"featured_media":0,"comment_status":"open","ping_status":"closed","sticky":false,"template":"","format":"standard","meta":{"footnotes":""},"categories":[1974,481,1763,1104,2605,70],"tags":[],"class_list":["post-5208","post","type-post","status-publish","format-standard","hentry","category-a-turma-do-embalo","category-elizabeth","category-fabio","category-luiz-ayrao","category-marcio-alexandre","category-selo-rca-victor"],"_links":{"self":[{"href":"https:\/\/www.toque-musicall.com\/index.php?rest_route=\/wp\/v2\/posts\/5208","targetHints":{"allow":["GET"]}}],"collection":[{"href":"https:\/\/www.toque-musicall.com\/index.php?rest_route=\/wp\/v2\/posts"}],"about":[{"href":"https:\/\/www.toque-musicall.com\/index.php?rest_route=\/wp\/v2\/types\/post"}],"author":[{"embeddable":true,"href":"https:\/\/www.toque-musicall.com\/index.php?rest_route=\/wp\/v2\/users\/1"}],"replies":[{"embeddable":true,"href":"https:\/\/www.toque-musicall.com\/index.php?rest_route=%2Fwp%2Fv2%2Fcomments&post=5208"}],"version-history":[{"count":1,"href":"https:\/\/www.toque-musicall.com\/index.php?rest_route=\/wp\/v2\/posts\/5208\/revisions"}],"predecessor-version":[{"id":5209,"href":"https:\/\/www.toque-musicall.com\/index.php?rest_route=\/wp\/v2\/posts\/5208\/revisions\/5209"}],"wp:attachment":[{"href":"https:\/\/www.toque-musicall.com\/index.php?rest_route=%2Fwp%2Fv2%2Fmedia&parent=5208"}],"wp:term":[{"taxonomy":"category","embeddable":true,"href":"https:\/\/www.toque-musicall.com\/index.php?rest_route=%2Fwp%2Fv2%2Fcategories&post=5208"},{"taxonomy":"post_tag","embeddable":true,"href":"https:\/\/www.toque-musicall.com\/index.php?rest_route=%2Fwp%2Fv2%2Ftags&post=5208"}],"curies":[{"name":"wp","href":"https:\/\/api.w.org\/{rel}","templated":true}]}}