{"id":5211,"date":"2015-10-03T21:33:21","date_gmt":"2015-10-04T00:33:21","guid":{"rendered":"http:\/\/www.toque-musicall.com\/?p=5211"},"modified":"2015-10-03T22:13:22","modified_gmt":"2015-10-04T01:13:22","slug":"nadinho-da-ilha-aluou-serenou-violonou-o-samba-serestou-1974","status":"publish","type":"post","link":"https:\/\/www.toque-musicall.com\/?p=5211","title":{"rendered":"Nadinho Da Ilha &#8211; Aluou, Serenou, Violonou, O Samba Serestou (1974)"},"content":{"rendered":"<p><img loading=\"lazy\" decoding=\"async\" class=\"aligncenter\" alt=\"\" src=\"http:\/\/4.bp.blogspot.com\/-W5jSgSgKpXY\/VhBnu4macEI\/AAAAAAAAML8\/If238SqU3EE\/s640\/nadinho%2BFBp.JPG\" width=\"640\" height=\"633\" \/><img loading=\"lazy\" decoding=\"async\" class=\"aligncenter\" alt=\"\" src=\"http:\/\/1.bp.blogspot.com\/-2IPNJYcgs9Q\/VhBnu8kDcSI\/AAAAAAAAMMA\/Ac93HckD-ws\/s640\/nadinho%2BFp.JPG\" width=\"627\" height=\"640\" \/>Ol\u00e1, amigos cultos, ocultos e associados! Hoje o TM apresenta a voc\u00eas o primeiro\u00a0 LP-solo de um artista completo (cantor, compositor, ator), que interpretava o samba de maneira particular e bem-humorada: Nadinho da Ilha. Com o nome de batismo de Aguinaldo Caldeira, nosso focalizado de hoje veio ao mundo no dia 11 de junho de 1934, no Rio de Janeiro. Seu apelido n\u00e3o era refer\u00eancia \u00e0 Ilha do Governador, como muitos imaginam, mas \u00e0 Ilha dos Velhacos, comunidade situada na Muda, subdistrito da Tijuca. Tinha 1,90m de altura, estatura pra l\u00e1 de alta, e por isso mesmo foi diversas vezes comparado a Monsueto, com quem tinha impressionante semelhan\u00e7a f\u00edsica. Int\u00e9rprete da linhagem dos cantores negros de voz encorpada, como Jamel\u00e3o, Ab\u00edlio Martins e, claro, o pr\u00f3prio Monsueto, ia da nota alta \u00e0 mais baixa com muita facilidade. Nosso Nadinho come\u00e7ou na m\u00fasica muito cedo, sob influ\u00eancia familiar, uma vez que era sobrinho de nada mais nada menos que Nilo Chagas, que integrou o Trio de Ouro, liderado por Herivelto Martins, nas duas primeiras fases (com Dalva de Oliveira e, mais tarde, com Noemi Cavalcanti). Criado no Morro do Borel, l\u00e1 mesmo na Tijuca, aos 12 anos foi levado pelo m\u00edtico Geraldo Pereira para tocar tamborim em seu programa de r\u00e1dio. O contato com os sambas sincopados do mestre Geraldo ajudou o pequeno Nadinho a desenvolver um apurado senso r\u00edtmico. Ainda jovem , atuou como cantor no grupo de Heitor dos Prazeres, ao lado de outros nomes ilustres do samba, caso de Mestre Mar\u00e7al, ingressando, logo em seguida, na ala de compositores da Escola Unidos da Tijuca. Antes de viver de m\u00fasica, trabalhava tamb\u00e9m como soldador el\u00e9trico e serralheiro na White Martins. Al\u00e9m do possante vozeir\u00e3o, Nadinho da Ilha tinha outras qualidades que o tornaram um artista versatil\u00edssimo, como eloqu\u00eancia, marcante presen\u00e7a de palco, eleg\u00e2ncia e suingue. E logo seria convidado para trabalhar como ator e humorista no teatro e na televis\u00e3o. Atuou nos espet\u00e1culos teatrais \u201cDeus lhe pague\u201d, de Proc\u00f3pio Ferreira, e \u201c\u00b4\u00d3pera do malandro\u201d, de Chico Buarque. Na TV , participou da \u201cBuzina do Chacrinha\u201d, na Globo, dos humor\u00edsticos \u201cBalan\u00e7a mas n\u00e3o cai\u201d (tamb\u00e9m na Globo) e \u201cCabar\u00e9 do Barata\u201d (Manchete), este \u00faltimo ao lado de Agildo Ribeiro, al\u00e9m do especial infantil \u201cTem crian\u00e7a no samba\u201d, dirigido por Augusto C\u00e9sar Vannucci para a Rede Globo. No cinema, atuou no filme \u2018Loucuras cariocas\u201d, de Carlos Imperial. Nadinho da Ilha teve sua primeira oportunidade fonogr\u00e1fica em 1971, quando participou do LP coletivo \u201cQuem samba fica&#8230; Adelzon Alves mete bronca e a mo\u00e7ada do samba d\u00e1 o recado\u201d, interpretando as faixas \u201cCaminhante solit\u00e1rio\u201d e \u2018Lapa\u201d. Dois anos mais tarde, vem o primeiro compacto simples, com as m\u00fasicas \u201cBaianeiro\u201d e \u201c\u00c9 o mal de muita gente\u201d. Lan\u00e7ou quatro \u00e1lbuns-solo (entre eles \u201cCabe\u00e7a feita\u201d, de 1977, considerado verdadeira obra-prima) e in\u00fameros compactos, al\u00e9m de participar de in\u00fameros projetos coletivos. Fez shows tamb\u00e9m ao lado de outros bambas do sambas, tais como Beth Carvalho, D. Ivone Lara, Monarco e D\u00e9lcio Carvalho. Pois \u00e9 justamente o primeiro \u00e1lbum-solo de Nadinho da Ilha que o TM oferece com a mais grata satisfa\u00e7\u00e3o a voc\u00eas hoje: \u00e9 \u201cO samba serestou\u201d, lan\u00e7ado pela EMI-Odeon em 1975. Produzido para a Odeon pelo \u201ccrac\u00e3o\u201d Adelzon Alves, e com arranjos dos maestros Nelsinho e Luiz Roberto, este \u00faltimo violonista e contrabaixista, \u00e9 um trabalho primoroso, com Nadinho mostrando o seu lado int\u00e9rprete em todas as dez faixas, assinado por nomes respeit\u00e1veis, como Mano D\u00e9cio da Viola (\u201cObsess\u00e3o\u201d), as duplas D\u00e9lcio Carvalho-Avarese (\u201cO maior show da terra\u201d) e Maur\u00edcio Tapaj\u00f3s-Mauro Duarte (\u201cSacrif\u00edcio\u201d) e Zinco (\u201cNeuza\u201d). Da discografia de Nadinho como cantor-solo ainda fazem parte os \u00e1lbuns \u201cO samba bem-humorado de Nadinho da Ilha (1995) e \u201cMeu amigo Geraldo Pereira\u201d (2009), uma homenagem a seu mestre e mentor, que acabaria sendo seu \u00faltimo trabalho em disco, pois, a 4 de agosto desse ano, ele faleceria, de complica\u00e7\u00f5es com diabetes e um c\u00e2ncer no abd\u00f4men. Enfim, apresentando este primeiro \u00e1lbum-solo de Nadinho da Ilha, o TM presta uma merecida homenagem a um dos maiores sambistas que o Brasil j\u00e1 tev<a href=\"http:\/\/depositfiles.com\/files\/9nbtt6hht\" target=\"_blank\">e.<\/a><\/p>\n<div style=\"text-align: center;\">obsess\u00e3o<\/div>\n<div style=\"text-align: center;\">o maior show da terra<\/div>\n<div style=\"text-align: center;\">ingrata mulher<\/div>\n<div style=\"text-align: center;\">adeus suspenso<\/div>\n<div style=\"text-align: center;\">aves de arriba\u00e7\u00e3o<\/div>\n<div style=\"text-align: center;\">praia de pedra e pranto<\/div>\n<div style=\"text-align: center;\">sacrif\u00edcio<\/div>\n<div style=\"text-align: center;\">olhos de azeviche<\/div>\n<div style=\"text-align: center;\">a\u00e7\u00e3o de despejo<\/div>\n<div style=\"text-align: center;\">neusa<\/div>\n<p>*Texto de Samuel Machado Filho<\/p>\n","protected":false},"excerpt":{"rendered":"<p>Ol\u00e1, amigos cultos, ocultos e associados! Hoje o TM apresenta a voc\u00eas o primeiro\u00a0 LP-solo de um artista completo (cantor, compositor, ator), que interpretava o samba de maneira particular e bem-humorada: Nadinho da Ilha. Com o nome de batismo de &hellip; <a href=\"https:\/\/www.toque-musicall.com\/?p=5211\">Continue lendo <span class=\"meta-nav\">&rarr;<\/span><\/a><\/p>\n","protected":false},"author":1,"featured_media":0,"comment_status":"open","ping_status":"closed","sticky":false,"template":"","format":"standard","meta":{"footnotes":""},"categories":[1979,244],"tags":[],"class_list":["post-5211","post","type-post","status-publish","format-standard","hentry","category-nadinho-da-ilha","category-selo-emi-odeon"],"_links":{"self":[{"href":"https:\/\/www.toque-musicall.com\/index.php?rest_route=\/wp\/v2\/posts\/5211","targetHints":{"allow":["GET"]}}],"collection":[{"href":"https:\/\/www.toque-musicall.com\/index.php?rest_route=\/wp\/v2\/posts"}],"about":[{"href":"https:\/\/www.toque-musicall.com\/index.php?rest_route=\/wp\/v2\/types\/post"}],"author":[{"embeddable":true,"href":"https:\/\/www.toque-musicall.com\/index.php?rest_route=\/wp\/v2\/users\/1"}],"replies":[{"embeddable":true,"href":"https:\/\/www.toque-musicall.com\/index.php?rest_route=%2Fwp%2Fv2%2Fcomments&post=5211"}],"version-history":[{"count":2,"href":"https:\/\/www.toque-musicall.com\/index.php?rest_route=\/wp\/v2\/posts\/5211\/revisions"}],"predecessor-version":[{"id":5213,"href":"https:\/\/www.toque-musicall.com\/index.php?rest_route=\/wp\/v2\/posts\/5211\/revisions\/5213"}],"wp:attachment":[{"href":"https:\/\/www.toque-musicall.com\/index.php?rest_route=%2Fwp%2Fv2%2Fmedia&parent=5211"}],"wp:term":[{"taxonomy":"category","embeddable":true,"href":"https:\/\/www.toque-musicall.com\/index.php?rest_route=%2Fwp%2Fv2%2Fcategories&post=5211"},{"taxonomy":"post_tag","embeddable":true,"href":"https:\/\/www.toque-musicall.com\/index.php?rest_route=%2Fwp%2Fv2%2Ftags&post=5211"}],"curies":[{"name":"wp","href":"https:\/\/api.w.org\/{rel}","templated":true}]}}