{"id":522,"date":"2011-03-16T11:01:00","date_gmt":"2011-03-16T11:01:00","guid":{"rendered":"http:\/\/www.toque-musicall.com\/?p=522"},"modified":"2011-03-16T11:01:00","modified_gmt":"2011-03-16T11:01:00","slug":"osmar-milani-baile-dos-estados-1959","status":"publish","type":"post","link":"https:\/\/www.toque-musicall.com\/?p=522","title":{"rendered":"Osmar Milani &#8211; Baile Dos Estados (1959)"},"content":{"rendered":"<div><a href=\"http:\/\/4.bp.blogspot.com\/-wG32nI_AdE4\/TYCjEJqRjQI\/AAAAAAAAHz4\/gVZ2xdtEflI\/s1600\/osmar+milani+P.JPG\"><img decoding=\"async\" style=\"text-align: center; margin: 0px auto 10px; width: 400px; display: block; height: 398px;\" id=\"BLOGGER_PHOTO_ID_5584642829647449346\" alt=\"\" src=\"http:\/\/4.bp.blogspot.com\/-wG32nI_AdE4\/TYCjEJqRjQI\/AAAAAAAAHz4\/gVZ2xdtEflI\/s400\/osmar+milani+P.JPG\" border=\"0\" \/><\/a>Ol\u00e1 amigos cultos e ocultos! Hoje o meu dia est\u00e1 curt\u00edssimo, portanto preciso ser ainda mais breve. Apresento a voc\u00eas Osmar Milani e Sua Orquestra, em &#8220;Baile dos Estados&#8221;. Quem n\u00e3o se lembra dele nos programas do Silvio Santos? Ele era o maestro de confian\u00e7a do Silvio e atuou ao seu lado por mais de trinta anos. Osmar tamb\u00e9m esteve com sua orquestra acompanhando cantores famosos como Orlando Silva, Vicente Celestino, Francisco Alves e Silvio Caldas. Trabalhou nas mais diversas emissoras de r\u00e1dio e viu nascer e acompanhou o crescimento da televis\u00e3o brasileira. Depois que ele largou o Silvio Santos, passou a se apresentar com sua orquestra em festas, bailes e show por todo o Brasil e alguns pa\u00edses da America do Sul.<br \/>O \u00e1lbum que eu tenho aqui \u00e9 de 1959, uma fase ainda dourada para as grandes orquestras e seus maestros. Lan\u00e7ado pela etiqueta Som, este lp \u00e9 mais um daqueles \u00e1lbuns (raridade total) da gravadora, onde a capa \u00e9 forrada com um tecido, tipo pano de saco com a estampa aplicada em serigrafia. Acredito que neste conceito de capa eles foram os pioneiros. N\u00e3o me lembro de nenhum outro disco da \u00e9poca, ou mesmo antes, com uma ideia t\u00e3o original. O disco teve tamb\u00e9m uma segunda edi\u00e7\u00e3o, com capa diferente, lan\u00e7ado no final dos anos 70 pelo selo Beverly.<br \/>Aqui no Toque Musical voc\u00eas poder\u00e3o encontrar outro \u00e1lbum no estilo, Odete Amaral e Cyro Monteiro Jr, <a href=\"http:\/\/toque-musicall.blogspot.com\/2008\/06\/odete-amaral-e-cyro-monteiro-jr-do.html\">&#8220;Do outro lado da vida&#8221;<\/a>.<br \/>Em &#8220;Baile dos Estados&#8221; temos um repert\u00f3rio com temas variados, m\u00fasicas nacionais e internacionais, obviamente, todas em ritmos dan\u00e7antes. A qualidade do som est\u00e1 associada ao estado do disco, algumas boas, outras melhoradas na medida do meu toque musical. Vale a pena conferir&#8230; \ud83d\ude09<\/p>\n<div style=\"text-align: center;\">rancho fundo<br \/>chinchilla<br \/>piove<br \/>sede de anir<br \/>repouso para o trombone<br \/>um chorinho no parque s\u00e3o jorge<br \/>bikini<br \/>vagalume<br \/>boola<br \/>mine at last<br \/>trombone ginga<br \/>theme from &#8216;bell and candle&#8217;<\/p>\n<p><\/div>\n<div><\/div>\n<\/div>\n","protected":false},"excerpt":{"rendered":"<p>Ol\u00e1 amigos cultos e ocultos! Hoje o meu dia est\u00e1 curt\u00edssimo, portanto preciso ser ainda mais breve. Apresento a voc\u00eas Osmar Milani e Sua Orquestra, em &#8220;Baile dos Estados&#8221;. Quem n\u00e3o se lembra dele nos programas do Silvio Santos? Ele &hellip; <a href=\"https:\/\/www.toque-musicall.com\/?p=522\">Continue lendo <span class=\"meta-nav\">&rarr;<\/span><\/a><\/p>\n","protected":false},"author":1,"featured_media":0,"comment_status":"open","ping_status":"closed","sticky":false,"template":"","format":"standard","meta":{"footnotes":""},"categories":[805,156],"tags":[],"class_list":["post-522","post","type-post","status-publish","format-standard","hentry","category-osmar-milani","category-selo-som"],"_links":{"self":[{"href":"https:\/\/www.toque-musicall.com\/index.php?rest_route=\/wp\/v2\/posts\/522","targetHints":{"allow":["GET"]}}],"collection":[{"href":"https:\/\/www.toque-musicall.com\/index.php?rest_route=\/wp\/v2\/posts"}],"about":[{"href":"https:\/\/www.toque-musicall.com\/index.php?rest_route=\/wp\/v2\/types\/post"}],"author":[{"embeddable":true,"href":"https:\/\/www.toque-musicall.com\/index.php?rest_route=\/wp\/v2\/users\/1"}],"replies":[{"embeddable":true,"href":"https:\/\/www.toque-musicall.com\/index.php?rest_route=%2Fwp%2Fv2%2Fcomments&post=522"}],"version-history":[{"count":0,"href":"https:\/\/www.toque-musicall.com\/index.php?rest_route=\/wp\/v2\/posts\/522\/revisions"}],"wp:attachment":[{"href":"https:\/\/www.toque-musicall.com\/index.php?rest_route=%2Fwp%2Fv2%2Fmedia&parent=522"}],"wp:term":[{"taxonomy":"category","embeddable":true,"href":"https:\/\/www.toque-musicall.com\/index.php?rest_route=%2Fwp%2Fv2%2Fcategories&post=522"},{"taxonomy":"post_tag","embeddable":true,"href":"https:\/\/www.toque-musicall.com\/index.php?rest_route=%2Fwp%2Fv2%2Ftags&post=522"}],"curies":[{"name":"wp","href":"https:\/\/api.w.org\/{rel}","templated":true}]}}