{"id":5220,"date":"2015-10-07T09:20:09","date_gmt":"2015-10-07T12:20:09","guid":{"rendered":"http:\/\/www.toque-musicall.com\/?p=5220"},"modified":"2015-10-11T23:43:10","modified_gmt":"2015-10-12T02:43:10","slug":"carlos-augusto-juro-1961","status":"publish","type":"post","link":"https:\/\/www.toque-musicall.com\/?p=5220","title":{"rendered":"Carlos Augusto &#8211; Juro (1961)"},"content":{"rendered":"<p><img loading=\"lazy\" decoding=\"async\" class=\"aligncenter\" alt=\"\" src=\"http:\/\/2.bp.blogspot.com\/--4dn_2-7bEs\/VhW3a3X9lfI\/AAAAAAAAMM0\/xBYj2tjRXDU\/s640\/capap.JPG\" width=\"624\" height=\"640\" \/><img loading=\"lazy\" decoding=\"async\" class=\"aligncenter\" alt=\"\" src=\"http:\/\/2.bp.blogspot.com\/-HMgWZdVDkWw\/VhW3bHUlUAI\/AAAAAAAAMM4\/WTVW4jqu9K8\/s640\/contrap.JPG\" width=\"640\" height=\"639\" \/><\/p>\n<div itemprop=\"articleBody\">\n<div>Nosso \u00e1lbum de hoje j\u00e1 estava na web (at\u00e9 eu mesmo j\u00e1 baixei, n\u00e3o me lembro bem de que blog).\u00a0 Ainda assim, o Toque Musical decidiu tamb\u00e9m oferec\u00ea-lo a seus amigos cultos, ocultos e associados, pois se trata de um produto de qualidade, al\u00e9m de ser bastante raro.\u00a0 Trata-se de um LP lan\u00e7ado pela Odeon, em 1961, apresentando um dos maiores cantores brasileiros de sua \u00e9poca: Carlos Augusto. Na pia batismal, este nosso cantor chamava-se Carlos Ant\u00f4nio de Souza Moreira. Veio ao mundo em Fortaleza, capital do Cear\u00e1, no dia 10 de julho de1933. Foi em sua cidade natal que come\u00e7ou a cantar, na R\u00e1dio Iracema. Em 1950, mudou-se para a ent\u00e3o Capital da Rep\u00fablica, o Rio de Janeiro, a fim de estudar no tradicional\u00edssimo Col\u00e9gio Pedro II. Nessa ocasi\u00e3o, recebe convite para cantar na orquestra da Boate Night and Day. Pouco tempo depois, fez uma excurs\u00e3o pela regi\u00e3o Nordeste do pa\u00eds, como parte de uma caravana de artistas que inclu\u00eda, entre outros, a eterna \u201cFavorita\u201d, Emilinha Borba, ent\u00e3o grande estrela da R\u00e1dio Nacional, que contrataria em seguida o nosso Carlos Augusto. Em maio de 1952, sai o primeiro 78 do cantor, pela Sinter, trazendo o fox \u201cMeu sonho de amor\u201d , de Paulo C\u00e9sar, e o samba-can\u00e7\u00e3o \u201cBriguei com voc\u00ea\u201d, dos irm\u00e3os Haroldo e Hianto de Almeida.\u00a0 Seu primeiro LP, de 10 polegadas, \u00e9 lan\u00e7ado pela mesma gravadora em 1954, intitulado \u201cO trovador\u00a0 moderno\u201d. Gravou mais de 40 discos\u00a0 em 78 rpm, al\u00e9m de 7 LPs como solista, 4 compactos duplos, e participa\u00e7\u00f5es em \u00e1lbuns coletivos, sobretudo carnavalescos. Deixou sucessos inesquec\u00edveis, tais como \u201cIcara\u00ed\u201d, \u201cCigarro sem batom\u201d, \u201cCan\u00e7\u00e3o da eterna despedida\u201d, \u201cNegue\u201d, \u201cEsta noite ou nunca\u201d, \u201cPecado ambulante\u201d, \u201cVitrine\u201d,\u00a0 \u201cNoite de saudade\u201d, \u201cSeria t\u00e3o diferente\u201d e outros mais. Infelizmente, Carlos Augusto morreria de forma tr\u00e1gica, em acidente automobil\u00edstico, no ano de 1968, quatro anos ap\u00f3s gravar seu \u00faltimo disco, um compacto duplo, na Polydor\/Philips. Este \u201cJuro\u201d, que o TM oferece hoje, vem a ser o s\u00e9timo e \u00faltimo LP-solo de Carlos Augusto, e depois dele o cantor s\u00f3 lan\u00e7ou compactos. A faixa-t\u00edtulo \u00e9 de Adelino Moreira, que, al\u00e9m de compor para N\u00e9lson Gon\u00e7alves, tamb\u00e9m criava n\u00fameros especialmente para outros cantores,como nosso Carlos Augusto. Adelino tamb\u00e9m comparece com \u201c\u00c9 mentira\u201d (parceria com Oswaldo Fran\u00e7a), \u201cDeus sabe o que faz\u201d e \u201cSeria t\u00e3o diferente\u201d (este, em parceria com Ant\u00f4nio Luna, nessa ocasi\u00e3o tamb\u00e9m gravado por N\u00fabia Lafayette), todos sambas-can\u00e7\u00f5es rom\u00e2nticos. Ele regrava aqui \u201cCigarro sem batom\u201d, de Fernando C\u00e9sar, por ele pr\u00f3prio lan\u00e7ado em 1955 como valsa,\u00a0 em ritmo de bolero no presente LP,\u00a0 e tamb\u00e9m revive \u201cBoneca de pano\u201d, expressivo samba de Assis Valente, originalmente lan\u00e7ado em 1950 pelos Quatro Ases e um Coringa. Composi\u00e7\u00f5es de Ricardo Galeno (\u201cA dor que mais d\u00f3i\u201d, \u201cDeixa falar\u201d, \u201cQuem d\u00e1 ordens sou eu\u201d, \u201cO sol da verdade\u201d), Paulo Borges (\u201cCigarra\u201d) e Cyro de Souza (\u201cVolta\u201d, tamb\u00e9m gravado na mesma ocasi\u00e3o por Marco Ant\u00f4nio) completam o disco, sem d\u00favida um dos melhores trabalhos fonogr\u00e1ficos do inesquec\u00edvel Carlos August<a href=\"http:\/\/depositfiles.org\/files\/uiofovrmv senha - augustotm\" target=\"_blank\">o<\/a>!<\/div>\n<div><\/div>\n<div style=\"text-align: center;\">a dor \u00a0que mais d\u00f3i<\/div>\n<div style=\"text-align: center;\">cigarra<\/div>\n<div style=\"text-align: center;\">deixa falar<\/div>\n<div style=\"text-align: center;\">\u00e9 mentira<\/div>\n<div style=\"text-align: center;\">juro<\/div>\n<div style=\"text-align: center;\">quem d\u00e1 ordens sou eu<\/div>\n<div style=\"text-align: center;\">boneca de pano<\/div>\n<div style=\"text-align: center;\">seria t\u00e3o diferente<\/div>\n<div style=\"text-align: center;\">cigarro sem baton<\/div>\n<div style=\"text-align: center;\">o sol da verdade<\/div>\n<div style=\"text-align: center;\">deus sabe o que faz<\/div>\n<div style=\"text-align: center;\">volta<\/div>\n<div style=\"text-align: center;\"><\/div>\n<div style=\"text-align: center;\">.<\/div>\n<div>* Texto de Samuel Machado Filho<\/div>\n<div><\/div>\n<\/div>\n<div><\/div>\n","protected":false},"excerpt":{"rendered":"<p>Nosso \u00e1lbum de hoje j\u00e1 estava na web (at\u00e9 eu mesmo j\u00e1 baixei, n\u00e3o me lembro bem de que blog).\u00a0 Ainda assim, o Toque Musical decidiu tamb\u00e9m oferec\u00ea-lo a seus amigos cultos, ocultos e associados, pois se trata de um &hellip; <a href=\"https:\/\/www.toque-musicall.com\/?p=5220\">Continue lendo <span class=\"meta-nav\">&rarr;<\/span><\/a><\/p>\n","protected":false},"author":1,"featured_media":0,"comment_status":"open","ping_status":"closed","sticky":false,"template":"","format":"standard","meta":{"footnotes":""},"categories":[1238,86],"tags":[],"class_list":["post-5220","post","type-post","status-publish","format-standard","hentry","category-carlos-augusto","category-selo-odeon"],"_links":{"self":[{"href":"https:\/\/www.toque-musicall.com\/index.php?rest_route=\/wp\/v2\/posts\/5220","targetHints":{"allow":["GET"]}}],"collection":[{"href":"https:\/\/www.toque-musicall.com\/index.php?rest_route=\/wp\/v2\/posts"}],"about":[{"href":"https:\/\/www.toque-musicall.com\/index.php?rest_route=\/wp\/v2\/types\/post"}],"author":[{"embeddable":true,"href":"https:\/\/www.toque-musicall.com\/index.php?rest_route=\/wp\/v2\/users\/1"}],"replies":[{"embeddable":true,"href":"https:\/\/www.toque-musicall.com\/index.php?rest_route=%2Fwp%2Fv2%2Fcomments&post=5220"}],"version-history":[{"count":2,"href":"https:\/\/www.toque-musicall.com\/index.php?rest_route=\/wp\/v2\/posts\/5220\/revisions"}],"predecessor-version":[{"id":5231,"href":"https:\/\/www.toque-musicall.com\/index.php?rest_route=\/wp\/v2\/posts\/5220\/revisions\/5231"}],"wp:attachment":[{"href":"https:\/\/www.toque-musicall.com\/index.php?rest_route=%2Fwp%2Fv2%2Fmedia&parent=5220"}],"wp:term":[{"taxonomy":"category","embeddable":true,"href":"https:\/\/www.toque-musicall.com\/index.php?rest_route=%2Fwp%2Fv2%2Fcategories&post=5220"},{"taxonomy":"post_tag","embeddable":true,"href":"https:\/\/www.toque-musicall.com\/index.php?rest_route=%2Fwp%2Fv2%2Ftags&post=5220"}],"curies":[{"name":"wp","href":"https:\/\/api.w.org\/{rel}","templated":true}]}}