{"id":523,"date":"2011-03-15T10:18:00","date_gmt":"2011-03-15T10:18:00","guid":{"rendered":"http:\/\/www.toque-musicall.com\/?p=523"},"modified":"2011-03-15T10:18:00","modified_gmt":"2011-03-15T10:18:00","slug":"raul-de-souza-viva-volta-1986","status":"publish","type":"post","link":"https:\/\/www.toque-musicall.com\/?p=523","title":{"rendered":"Raul De Souza &#8211; Viva Volta (1986)"},"content":{"rendered":"<p><a href=\"http:\/\/1.bp.blogspot.com\/-oTKFG46fNlo\/TX89mNZvIoI\/AAAAAAAAHzs\/rZ8_Fi3W2cc\/s1600\/raul+P.JPG\"><img decoding=\"async\" style=\"text-align: center; margin: 0px auto 10px; width: 373px; display: block; height: 400px;\" id=\"BLOGGER_PHOTO_ID_5584249789604635266\" alt=\"\" src=\"http:\/\/1.bp.blogspot.com\/-oTKFG46fNlo\/TX89mNZvIoI\/AAAAAAAAHzs\/rZ8_Fi3W2cc\/s400\/raul+P.JPG\" border=\"0\" \/><\/a> Seguindo a nossa jornada fono musical, vamos curtir agora um pouco de jazz, m\u00fasica instrumental de primeira linha com um dos maiores trombonistas do mundo, o fera, Raul de Souza. Dono de uma t\u00e9cnica \u00fanica, este instrumentista se projetou a partir dos anos 60, ao lado de outros artistas da era bossa nova, segunda gera\u00e7\u00e3o. Nos anos 70 ele trabalhou nos Estados Unidos com S\u00e9rgio Mendes, Flora Purim, Airto Moreira e Milton Nascimento. Ainda nos &#8220;States&#8217; ele tamb\u00e9m tocou com grandes nomes da m\u00fasica americana, como os jazzistas Cal Tjader, Sonny Rollins, George Duke e outros mais. Por l\u00e1 ele gravou alguns discos interessantes como, &#8220;Sweet Lucy&#8221; e &#8220;Don&#8217;t Ask My Neighbors&#8221;, produzidos por George Duke, sempre na linha do jazz. Seu trabalho diluiu um pouco quando se associou ao produtor Arthur Wright, na grava\u00e7\u00e3o do \u00e1lbum &#8220;&#8216;Til Tomorrow Comes&#8221;. Disco fraquinho, na onda da discoteca, coisa mesmo para o mercado americano. A partir dos anos 80 ele volta ao Brasil, se apresentando pouco, mas sempre as voltas com grava\u00e7\u00f5es, tocando no disco de um e de outro. Grava tamb\u00e9m dois discos, &#8220;The Other Side of The Moon&#8221; e este, &#8220;Viva Volta&#8221;. Ainda na d\u00e9cada de 80 ele se muda para a Fran\u00e7a se apresentando com seu conjunto. Na d\u00e9cada seguinte ele se fixa em Paris, retornando ao Brasil quase dez anos depois. Acho que foi nessa \u00e9poca que fizeram com ele um document\u00e1rio, chamado tamb\u00e9m de &#8220;Viva Volta&#8221;, de 2005, onde o artista reconstr\u00f3i sua trajet\u00f3ria, contando um pouco da sua hist\u00f3ria e tem ainda no filme um encontro (de arrepiar) dele com a cantora Maria Bethania (tem que ver).<br \/>O \u00e1lbum &#8220;Viva Volta&#8221; \u00e9 um disco gravado ao vivo, uma produ\u00e7\u00e3o do empres\u00e1rio Romualdo Zanoni, dono da famosa casa de shows paulista Inverno &#038; Ver\u00e3o. Nos anos 80 ele lan\u00e7ou diversos discos gravados ao vivo em seu restaurante. Nomes como Dick Farney, Tito Madi, Zimbo Trio e outros, tamb\u00e9m tiveram discos pela Inverno &#038; Ver\u00e3o. Este lp de Raul de Souza foi relan\u00e7ado em 92 pela RGE, dentro da s\u00e9rie &#8220;A arte do espet\u00e1culo ao vivo&#8221;. Sem d\u00favida, nada como uma grava\u00e7\u00e3o ao vivo, sem retoques, onde o m\u00fasico se apresenta mais naturalmente. Melhor ainda quando a grava\u00e7\u00e3o \u00e9 de qualidade e temos ainda a participa\u00e7\u00e3o de outros grandes instrumentistas como \u00e9 o caso aqui do pianista Guilherme Vergueiro, o batera Chico Mel\u00e3o, o contrabaixista Pixinga e os guitaristas Rui Yamamura e Jarbas Barbosa. Raul nos apresenta um repert\u00f3rio autoral e tamb\u00e9m m\u00fasicas de Jo\u00e3o Bosco e Aldir Blanc, Milton Nascimento, Djavan, Noel e Vadico e outros&#8230; No disco-show Raul tamb\u00e9m mostra que de sopro ele tamb\u00e9m \u00e9 fera no saxofone. Ta\u00ed um artista que merece o nosso toque musical. Confiram&#8230;<\/p>\n<div align=\"center\">manh\u00e3 cedo<\/div>\n<div align=\"center\">papel mach\u00ea<\/div>\n<div align=\"center\">viva volta<\/div>\n<div align=\"center\">travessia<\/div>\n<div align=\"center\">amor em paz<\/div>\n<div align=\"center\">fato consumado<\/div>\n<div align=\"center\">obi<\/div>\n<div align=\"center\">inverno e ver\u00e3o<\/div>\n<div align=\"center\">samba mesti\u00e7o<\/div>\n<div align=\"center\">feitio de ora\u00e7\u00e3o<\/div>\n<div align=\"center\">salve o rio<\/div>\n<div align=\"center\"> <\/div>\n<div><\/div>\n","protected":false},"excerpt":{"rendered":"<p>Seguindo a nossa jornada fono musical, vamos curtir agora um pouco de jazz, m\u00fasica instrumental de primeira linha com um dos maiores trombonistas do mundo, o fera, Raul de Souza. Dono de uma t\u00e9cnica \u00fanica, este instrumentista se projetou a &hellip; <a href=\"https:\/\/www.toque-musicall.com\/?p=523\">Continue lendo <span class=\"meta-nav\">&rarr;<\/span><\/a><\/p>\n","protected":false},"author":1,"featured_media":0,"comment_status":"open","ping_status":"closed","sticky":false,"template":"","format":"standard","meta":{"footnotes":""},"categories":[806,807,153],"tags":[],"class_list":["post-523","post","type-post","status-publish","format-standard","hentry","category-raul-de-souza","category-selo-inverno-e-verao","category-selo-rge"],"_links":{"self":[{"href":"https:\/\/www.toque-musicall.com\/index.php?rest_route=\/wp\/v2\/posts\/523","targetHints":{"allow":["GET"]}}],"collection":[{"href":"https:\/\/www.toque-musicall.com\/index.php?rest_route=\/wp\/v2\/posts"}],"about":[{"href":"https:\/\/www.toque-musicall.com\/index.php?rest_route=\/wp\/v2\/types\/post"}],"author":[{"embeddable":true,"href":"https:\/\/www.toque-musicall.com\/index.php?rest_route=\/wp\/v2\/users\/1"}],"replies":[{"embeddable":true,"href":"https:\/\/www.toque-musicall.com\/index.php?rest_route=%2Fwp%2Fv2%2Fcomments&post=523"}],"version-history":[{"count":0,"href":"https:\/\/www.toque-musicall.com\/index.php?rest_route=\/wp\/v2\/posts\/523\/revisions"}],"wp:attachment":[{"href":"https:\/\/www.toque-musicall.com\/index.php?rest_route=%2Fwp%2Fv2%2Fmedia&parent=523"}],"wp:term":[{"taxonomy":"category","embeddable":true,"href":"https:\/\/www.toque-musicall.com\/index.php?rest_route=%2Fwp%2Fv2%2Fcategories&post=523"},{"taxonomy":"post_tag","embeddable":true,"href":"https:\/\/www.toque-musicall.com\/index.php?rest_route=%2Fwp%2Fv2%2Ftags&post=523"}],"curies":[{"name":"wp","href":"https:\/\/api.w.org\/{rel}","templated":true}]}}