{"id":5232,"date":"2015-10-10T11:40:21","date_gmt":"2015-10-10T14:40:21","guid":{"rendered":"http:\/\/www.toque-musicall.com\/?p=5232"},"modified":"2015-10-12T11:45:30","modified_gmt":"2015-10-12T14:45:30","slug":"varig-conheca-o-brasil-urashima-taro-1971","status":"publish","type":"post","link":"https:\/\/www.toque-musicall.com\/?p=5232","title":{"rendered":"Varig &#8211; Conhe\u00e7a O Brasil &#8211; Urashima Tar\u00f4 (1971)"},"content":{"rendered":"<p><em><img loading=\"lazy\" decoding=\"async\" class=\"aligncenter\" alt=\"\" src=\"http:\/\/2.bp.blogspot.com\/-JS0m6NHYL3I\/Vhsg3TFOdDI\/AAAAAAAAMNs\/jJc957YB0nI\/s640\/capap.JPG\" width=\"629\" height=\"640\" \/><img loading=\"lazy\" decoding=\"async\" class=\"aligncenter\" alt=\"\" src=\"http:\/\/4.bp.blogspot.com\/-HEHYQS3FPeU\/Vhsg1PRtpeI\/AAAAAAAAMNk\/oJEjcfpAglA\/s640\/contrap.JPG\" width=\"637\" height=\"640\" \/><img loading=\"lazy\" decoding=\"async\" class=\"aligncenter\" alt=\"\" src=\"http:\/\/4.bp.blogspot.com\/-mwR-JqihU90\/VhshBVruKSI\/AAAAAAAAMN4\/d1sQkomrvWM\/s640\/capa%2B2p.JPG\" width=\"636\" height=\"640\" \/><img loading=\"lazy\" decoding=\"async\" class=\"aligncenter\" alt=\"\" src=\"http:\/\/3.bp.blogspot.com\/-0pcfOEJYu6M\/VhshA8Q-xBI\/AAAAAAAAMN0\/iWwhbSD7btM\/s640\/contra%2B2p.JPG\" width=\"640\" height=\"640\" \/><\/em>Ol\u00e1, amigos cultos e ocultos! Nos pr\u00f3ximos dias eu quero estar postando aqui no Toque Musical alguns compactos que andei adquirindo atrav\u00e9s de compras e doa\u00e7\u00f5es. Disquinhos interessantes que eu at\u00e9 o momento n\u00e3o tinha ouvido com aten\u00e7\u00e3o. Come\u00e7o com dois compactos curios\u00edssimos, discos promocionais que ganhei do meu amigo F\u00e1res. \u00a0Lan\u00e7ados nos anos 60 pela saudosa Varig, quando ent\u00e3o ela investia pesado em propaganda. Suas campanhas e jingles faziam tanto sucesso que chegaram a ser produzidos em discos. Esses eram distribu\u00eddos como cortesia e em forma de promo\u00e7\u00e3o pelas agencias de viagem, em aeroportos e em seus v\u00f4os. Na campanha &#8220;Conhe\u00e7a o Brasil&#8221;, dentro do plano de turismo nacional, quando a empresa voava para as maiores cidades brasileiras, eles criaram uma pequena cole\u00e7\u00e3o de compactos com temas dedicados as diferentes regi\u00f5es do Brasil. Aqui temos o volume 1 que corresponde aos temas de quatro estados: Bahia, Minas Gerais, Pernambuco e Rio Grande do Sul. Esta campanha publicit\u00e1ria da Varig, se n\u00e3o me engano, \u00e9 j\u00e1 do in\u00edcio dos anos 70. Na sequencia, temos outro sucesso, &#8220;Urashima Tar\u00f4&#8221;. Muitos devem lembrar&#8230; Este jingle foi criado em 1968 quando a Varig passou a operar com uma linha direta de v\u00f4os para o Jap\u00e3o. No compacto (em 78 prm!) a m\u00fasica aparece em duas vers\u00f5es, portugu\u00eas e japon\u00eas, cantada pela apresentadora Rosa Miyake,<br \/>\nA Varig foi a primeira empresa comercial de avia\u00e7\u00e3o brasileira, criada nos anos 20, na cidade de Porto Alegre pelo alem\u00e3o Otto Ernst Meyer. Esta empresa tem muita hist\u00f3ria e tamb\u00e9m tem quem j\u00e1 viajou por ela. Eu mesmo tenho as minhas, quando ainda crian\u00e7a fui para a Bahia nas asas da Varig, com direito a conhecer a cabine do piloto. Ah, nada como ser crian\u00e7a \ud83d\ude42 Bons tempos! Foi uma das maiores companhias a\u00e9reas do mundo, atingindo o auge nos anos 60 e 70. Mas como tudo que \u00e9 nacional, acabou falindo. Fechou as asas em 2006, para a tristeza de muita gente. Hoje, s\u00f3 nos resta recorda<a href=\"http:\/\/depositfiles.com\/files\/wyv9zd7k8\" target=\"_blank\">r<\/a>&#8230;<\/p>\n<p>.<\/p>\n","protected":false},"excerpt":{"rendered":"<p>Ol\u00e1, amigos cultos e ocultos! Nos pr\u00f3ximos dias eu quero estar postando aqui no Toque Musical alguns compactos que andei adquirindo atrav\u00e9s de compras e doa\u00e7\u00f5es. Disquinhos interessantes que eu at\u00e9 o momento n\u00e3o tinha ouvido com aten\u00e7\u00e3o. Come\u00e7o com &hellip; <a href=\"https:\/\/www.toque-musicall.com\/?p=5232\">Continue lendo <span class=\"meta-nav\">&rarr;<\/span><\/a><\/p>\n","protected":false},"author":1,"featured_media":0,"comment_status":"open","ping_status":"closed","sticky":false,"template":"","format":"standard","meta":{"footnotes":""},"categories":[2607,2606],"tags":[],"class_list":["post-5232","post","type-post","status-publish","format-standard","hentry","category-promocional","category-varig-promocional"],"_links":{"self":[{"href":"https:\/\/www.toque-musicall.com\/index.php?rest_route=\/wp\/v2\/posts\/5232","targetHints":{"allow":["GET"]}}],"collection":[{"href":"https:\/\/www.toque-musicall.com\/index.php?rest_route=\/wp\/v2\/posts"}],"about":[{"href":"https:\/\/www.toque-musicall.com\/index.php?rest_route=\/wp\/v2\/types\/post"}],"author":[{"embeddable":true,"href":"https:\/\/www.toque-musicall.com\/index.php?rest_route=\/wp\/v2\/users\/1"}],"replies":[{"embeddable":true,"href":"https:\/\/www.toque-musicall.com\/index.php?rest_route=%2Fwp%2Fv2%2Fcomments&post=5232"}],"version-history":[{"count":2,"href":"https:\/\/www.toque-musicall.com\/index.php?rest_route=\/wp\/v2\/posts\/5232\/revisions"}],"predecessor-version":[{"id":5234,"href":"https:\/\/www.toque-musicall.com\/index.php?rest_route=\/wp\/v2\/posts\/5232\/revisions\/5234"}],"wp:attachment":[{"href":"https:\/\/www.toque-musicall.com\/index.php?rest_route=%2Fwp%2Fv2%2Fmedia&parent=5232"}],"wp:term":[{"taxonomy":"category","embeddable":true,"href":"https:\/\/www.toque-musicall.com\/index.php?rest_route=%2Fwp%2Fv2%2Fcategories&post=5232"},{"taxonomy":"post_tag","embeddable":true,"href":"https:\/\/www.toque-musicall.com\/index.php?rest_route=%2Fwp%2Fv2%2Ftags&post=5232"}],"curies":[{"name":"wp","href":"https:\/\/api.w.org\/{rel}","templated":true}]}}