{"id":5242,"date":"2015-10-13T19:20:55","date_gmt":"2015-10-13T22:20:55","guid":{"rendered":"http:\/\/www.toque-musicall.com\/?p=5242"},"modified":"2015-10-16T05:43:21","modified_gmt":"2015-10-16T08:43:21","slug":"barros-de-alencar-compacto","status":"publish","type":"post","link":"https:\/\/www.toque-musicall.com\/?p=5242","title":{"rendered":"Barros De Alencar &#8211; Compacto (1975)"},"content":{"rendered":"<p><img loading=\"lazy\" decoding=\"async\" class=\"aligncenter\" alt=\"\" src=\"http:\/\/4.bp.blogspot.com\/-eu6bePHoqAI\/Vh1_0u4y0wI\/AAAAAAAAMO8\/oe0XewiSxfU\/s640\/capap.JPG\" width=\"640\" height=\"628\" \/><img loading=\"lazy\" decoding=\"async\" class=\"aligncenter\" alt=\"\" src=\"http:\/\/3.bp.blogspot.com\/-w8uHMnkNZ7s\/Vh1_01mepgI\/AAAAAAAAMPA\/2O1gsEX1ixs\/s640\/contrap.JPG\" width=\"640\" height=\"636\" \/><\/p>\n<p>O Toque Musical oferece hoje a seus amigos cultos, ocultos e associados um compacto duplo de 1975, selo RCA Victor, com quatro m\u00fasicas interpretadas pelo cantor, compositor e radialista Barros de Alencar. Nosso focalizado, na pia batismal Crist\u00f3v\u00e3o Barros de Alencar, veio ao mundo na cidade de Uira\u00fana, Para\u00edba, no dia 5 de agosto de 1932. Sua carreira de comunicador come\u00e7ou na R\u00e1dio Borborema de Campina Grande. Com o objetivo de buscar novos horizontes, viajou por in\u00fameras capitais brasileiras, tais como Recife, Fortaleza, Belo Horiznte e S\u00e3o Paulo, onde finalmente conseguiu um\u00a0 lugar ao sol, em meados da d\u00e9cada de 1960, contratado pela PRG-2, R\u00e1dio Tupi, ent\u00e3o \u201ca mais poderosa emissora paulista\u201d.\u00a0 Seu programa \u201cS\u00f3 sucessos\u201d, em que executava os hits da ocasi\u00e3o, foi durante anos campe\u00e3o absoluto de audi\u00eancia, sobretudo entre as camadas mais populares. Barros passou tamb\u00e9m pelas r\u00e1dios Record, Am\u00e9rica e Super Tupi (hoje Super R\u00e1dio). Na televis\u00e3o, foi sucesso de audi\u00eancia na Record, entre 1982 e 1986, com o \u201cPrograma Barros de Alencar\u201d, onde ficou famoso com o bord\u00e3o \u201cAl\u00f4, mulheres, sentem-se nas cadeiras! Al\u00f4, marmanjos, n\u00e3o fa\u00e7am besteiras!\u201d Gravou seu primeiro disco como int\u00e9rprete em 1966, pela Chantecler, um compacto simples com duas vers\u00f5es: \u201cAgora sim (Adesso si)\u201d\u00a0 e \u201cN\u00e3o v\u00e1 embora (Tu me plais et je t\u2019aime)\u201d.\u00a0 In\u00fameros foram seus sucessos como cantor (que, evidentemente, executava em seus programas de r\u00e1dio): \u201cOlhos tristes\u201d (coma participa\u00e7\u00e3o de Giane), \u201cNoites\u201d, \u201cAna Cristina\u201d (\u201cTeus olhos s\u00e3o rasgadinhos, de boneca japonesa\u201d&#8230;), \u201cMeu amor \u00e9 mais jovem do que eu\u201d, \u201cNamorados\u201d, \u201cEmanuela\u201d, \u201cPrometemos n\u00e3o chorar\u201d, \u201cApenas tr\u00eas minutos\u201d etc. Ao todo, gravou sete compactos e cinco LPs, al\u00e9m de participa\u00e7\u00f5es em in\u00fameras colet\u00e2neas.\u00a0 Por causa de uma delicada cirurgia na garganta, Barros de Alencar teve de se afastar das atividades art\u00edsticas.<\/p>\n<div>O compacto duplo de Barros de Alencar que o TM possui a grata satisfa\u00e7\u00e3o de oferecer hoje a voc\u00eas, oferece quatro m\u00fasicas que fizeram muito sucesso quando lan\u00e7adas, em 1975, captando muito bem o gosto e a sensibilidade popular, no que \u00e9 chamado de m\u00fasica brega, termo em princ\u00edpio pejorativo, sin\u00f4nimo de \u201ccafona\u201d, mas hoje designa m\u00fasica popular facilmente assimil\u00e1vel. \u201cPor esse amor que tu me d\u00e1s\u201d, a faixa de abertura, \u00e9 vers\u00e3o de Jean Pierre para um hit do cantor espanhol J\u00falio Igl\u00e9sias. Seguem-se \u201cEstou ficando louco\u201d, \u201cNatali\u201d (outra vers\u00e3o de Jean Pierre, esta para um sucesso do cantor italiano Umberto Balsamo) e, por fim, \u201cA menina que cresceu\u201d, composta por Tony Damito e C\u00e9zar para o filme \u201cO conto do vig\u00e1rio\u201d, dirigido por Kleber Afonso, e no qual Barros era o ator principal, contracenando com a tamb\u00e9m cantora Nalva Aguiar.\u00a0 Enfim, um trabalho que mostra Barros de Alencar em um dos melhores momentos de sua carreira, e por certo vai reavivar as lembran\u00e7as de muitos que vivenciaram esse tempo. Divirtam-s<a href=\"http:\/\/depositfiles.com\/files\/k5loc4oq4\" target=\"_blank\">e<\/a>!<\/div>\n<div style=\"text-align: center;\">por esse amor que tu me d\u00e1s<\/div>\n<div style=\"text-align: center;\">estou ficando louco<\/div>\n<div style=\"text-align: center;\">natali<\/div>\n<div style=\"text-align: center;\">a menina que cresceu<\/div>\n<div><\/div>\n<div>* Texto de Samuel Machado Filho<\/div>\n","protected":false},"excerpt":{"rendered":"<p>O Toque Musical oferece hoje a seus amigos cultos, ocultos e associados um compacto duplo de 1975, selo RCA Victor, com quatro m\u00fasicas interpretadas pelo cantor, compositor e radialista Barros de Alencar. Nosso focalizado, na pia batismal Crist\u00f3v\u00e3o Barros de &hellip; <a href=\"https:\/\/www.toque-musicall.com\/?p=5242\">Continue lendo <span class=\"meta-nav\">&rarr;<\/span><\/a><\/p>\n","protected":false},"author":1,"featured_media":0,"comment_status":"open","ping_status":"closed","sticky":false,"template":"","format":"standard","meta":{"footnotes":""},"categories":[2610,93,70],"tags":[],"class_list":["post-5242","post","type-post","status-publish","format-standard","hentry","category-barros-de-alencar","category-compactos","category-selo-rca-victor"],"_links":{"self":[{"href":"https:\/\/www.toque-musicall.com\/index.php?rest_route=\/wp\/v2\/posts\/5242","targetHints":{"allow":["GET"]}}],"collection":[{"href":"https:\/\/www.toque-musicall.com\/index.php?rest_route=\/wp\/v2\/posts"}],"about":[{"href":"https:\/\/www.toque-musicall.com\/index.php?rest_route=\/wp\/v2\/types\/post"}],"author":[{"embeddable":true,"href":"https:\/\/www.toque-musicall.com\/index.php?rest_route=\/wp\/v2\/users\/1"}],"replies":[{"embeddable":true,"href":"https:\/\/www.toque-musicall.com\/index.php?rest_route=%2Fwp%2Fv2%2Fcomments&post=5242"}],"version-history":[{"count":4,"href":"https:\/\/www.toque-musicall.com\/index.php?rest_route=\/wp\/v2\/posts\/5242\/revisions"}],"predecessor-version":[{"id":5251,"href":"https:\/\/www.toque-musicall.com\/index.php?rest_route=\/wp\/v2\/posts\/5242\/revisions\/5251"}],"wp:attachment":[{"href":"https:\/\/www.toque-musicall.com\/index.php?rest_route=%2Fwp%2Fv2%2Fmedia&parent=5242"}],"wp:term":[{"taxonomy":"category","embeddable":true,"href":"https:\/\/www.toque-musicall.com\/index.php?rest_route=%2Fwp%2Fv2%2Fcategories&post=5242"},{"taxonomy":"post_tag","embeddable":true,"href":"https:\/\/www.toque-musicall.com\/index.php?rest_route=%2Fwp%2Fv2%2Ftags&post=5242"}],"curies":[{"name":"wp","href":"https:\/\/api.w.org\/{rel}","templated":true}]}}