{"id":5246,"date":"2015-10-14T21:57:21","date_gmt":"2015-10-15T00:57:21","guid":{"rendered":"http:\/\/www.toque-musicall.com\/?p=5246"},"modified":"2015-10-16T06:13:51","modified_gmt":"2015-10-16T09:13:51","slug":"compactos-roberton-riberti-1977-ataulfo-junior-1973","status":"publish","type":"post","link":"https:\/\/www.toque-musicall.com\/?p=5246","title":{"rendered":"Compactos &#8211; Roberton Riberti (1977) &#8211; Ataulfo Junior (1973)"},"content":{"rendered":"<p><img loading=\"lazy\" decoding=\"async\" class=\"aligncenter\" alt=\"\" src=\"http:\/\/1.bp.blogspot.com\/-NFT2mg1NCRE\/Vh74nXFuB6I\/AAAAAAAAMP8\/YcKwknMSHtw\/s640\/capap.JPG\" width=\"640\" height=\"634\" \/><img loading=\"lazy\" decoding=\"async\" class=\"aligncenter\" alt=\"\" src=\"http:\/\/2.bp.blogspot.com\/-QDKJJDgfCYg\/Vh74nMpr7tI\/AAAAAAAAMP4\/_6T1xrDOl1A\/s640\/contrap.JPG\" width=\"640\" height=\"627\" \/><img loading=\"lazy\" decoding=\"async\" class=\"aligncenter\" alt=\"\" src=\"http:\/\/3.bp.blogspot.com\/-b3TGb8DIwgw\/Vh74vzmzwNI\/AAAAAAAAMQI\/XJZBLHxPzr8\/s640\/capap.JPG\" width=\"627\" height=\"640\" \/><img loading=\"lazy\" decoding=\"async\" class=\"aligncenter\" alt=\"\" src=\"http:\/\/4.bp.blogspot.com\/-5Fljcxpczns\/Vh74xqO2zDI\/AAAAAAAAMQQ\/q0m7NOYhits\/s640\/contrap.JPG\" width=\"630\" height=\"640\" \/>Ol\u00e1 amigu\u00edssimos cultos e ocultos! Seguem aqui mais dois compactos, desta vez trazendo o cantor e compositor paulista Roberto Riberti neste compacto de pr\u00e9 lan\u00e7amento de seu primeiro lp, disco este j\u00e1 postado aqui no Toque Musical em outros tempos. Na sequ\u00eancia, temos o filho do Mestre Ataulfo Alves, o Ataulfo Jr. figura de muito talento, sambista, compositor e int\u00e9rprete consagrado, com muitos discos gravados, principalmente compactos, entre eles temos este aqui de 73. Confira<a href=\"http:\/\/depositfiles.com\/files\/cqjxneooj\" target=\"_blank\">m<\/a>&#8230;<\/p>\n<div style=\"text-align: center;\">apenas mais um &#8211; roberto riberti<\/div>\n<div style=\"text-align: center;\">can\u00e7\u00e3o popular &#8211; roberto riberti<\/div>\n<div style=\"text-align: center;\">teu reinado &#8211; roberto riberti<\/div>\n<div style=\"text-align: center;\">rendi\u00e7\u00e3o &#8211; roberto riberti<\/div>\n<div style=\"text-align: center;\">canto de amor &#8211; ataulfo junior<\/div>\n<div style=\"text-align: center;\">o samba seguinte &#8211; ataulfo junior<\/div>\n<div style=\"text-align: center;\"><\/div>\n<div style=\"text-align: center;\">.<\/div>\n","protected":false},"excerpt":{"rendered":"<p>Ol\u00e1 amigu\u00edssimos cultos e ocultos! Seguem aqui mais dois compactos, desta vez trazendo o cantor e compositor paulista Roberto Riberti neste compacto de pr\u00e9 lan\u00e7amento de seu primeiro lp, disco este j\u00e1 postado aqui no Toque Musical em outros tempos. &hellip; <a href=\"https:\/\/www.toque-musicall.com\/?p=5246\">Continue lendo <span class=\"meta-nav\">&rarr;<\/span><\/a><\/p>\n","protected":false},"author":1,"featured_media":0,"comment_status":"open","ping_status":"closed","sticky":false,"template":"","format":"standard","meta":{"footnotes":""},"categories":[850,93,1392,217,18],"tags":[],"class_list":["post-5246","post","type-post","status-publish","format-standard","hentry","category-ataulfo-jr","category-compactos","category-roberto-riberti","category-selo-chantecler","category-selo-rca"],"_links":{"self":[{"href":"https:\/\/www.toque-musicall.com\/index.php?rest_route=\/wp\/v2\/posts\/5246","targetHints":{"allow":["GET"]}}],"collection":[{"href":"https:\/\/www.toque-musicall.com\/index.php?rest_route=\/wp\/v2\/posts"}],"about":[{"href":"https:\/\/www.toque-musicall.com\/index.php?rest_route=\/wp\/v2\/types\/post"}],"author":[{"embeddable":true,"href":"https:\/\/www.toque-musicall.com\/index.php?rest_route=\/wp\/v2\/users\/1"}],"replies":[{"embeddable":true,"href":"https:\/\/www.toque-musicall.com\/index.php?rest_route=%2Fwp%2Fv2%2Fcomments&post=5246"}],"version-history":[{"count":2,"href":"https:\/\/www.toque-musicall.com\/index.php?rest_route=\/wp\/v2\/posts\/5246\/revisions"}],"predecessor-version":[{"id":5252,"href":"https:\/\/www.toque-musicall.com\/index.php?rest_route=\/wp\/v2\/posts\/5246\/revisions\/5252"}],"wp:attachment":[{"href":"https:\/\/www.toque-musicall.com\/index.php?rest_route=%2Fwp%2Fv2%2Fmedia&parent=5246"}],"wp:term":[{"taxonomy":"category","embeddable":true,"href":"https:\/\/www.toque-musicall.com\/index.php?rest_route=%2Fwp%2Fv2%2Fcategories&post=5246"},{"taxonomy":"post_tag","embeddable":true,"href":"https:\/\/www.toque-musicall.com\/index.php?rest_route=%2Fwp%2Fv2%2Ftags&post=5246"}],"curies":[{"name":"wp","href":"https:\/\/api.w.org\/{rel}","templated":true}]}}