{"id":5248,"date":"2015-10-15T20:57:58","date_gmt":"2015-10-15T23:57:58","guid":{"rendered":"http:\/\/www.toque-musicall.com\/?p=5248"},"modified":"2015-10-15T21:00:28","modified_gmt":"2015-10-16T00:00:28","slug":"gal-costa-gilberto-gil-torquato-neto-os-ultimos-dias-de-pauperia-1973","status":"publish","type":"post","link":"https:\/\/www.toque-musicall.com\/?p=5248","title":{"rendered":"Gal Costa &#8211; Gilberto Gil &#8211; Torquato Neto- Os \u00daltimos Dias De Pauperia (1973)"},"content":{"rendered":"<p><img loading=\"lazy\" decoding=\"async\" class=\"aligncenter\" alt=\"\" src=\"http:\/\/3.bp.blogspot.com\/-mbypUhisZkc\/ViA2X5r0ZAI\/AAAAAAAAMQ0\/qPCViID8GkA\/s640\/capa.jpg\" width=\"640\" height=\"640\" \/><img loading=\"lazy\" decoding=\"async\" class=\"aligncenter\" alt=\"\" src=\"http:\/\/2.bp.blogspot.com\/-IHNiY17cmDc\/ViA2VkZzqzI\/AAAAAAAAMQs\/Jtx1nBcEMoI\/s640\/contra%2Bcapa.jpg\" width=\"640\" height=\"640\" \/>Boa noite, prezados amigos cultos e ocultos. Espero que voc\u00eas n\u00e3o reparem, mas estarei dando uma pausa nas postagens, na pr\u00f3xima semana. Estarei viajando e sem condi\u00e7\u00f5es de fazer muita coisa. Mas logo eu estarei de volta com boas e novas para voc\u00eas, ok? Para n\u00e3o dizerem que ficamos apenas em compactos medianos, vou deixando aqui uma raridade. Um tipo de disco que colecionadores adoram, Temos aqui um disquinho bacana, compacto que integra o livro &#8220;Os \u00daltimos Dias De Paup\u00e9ria&#8221;, de Torquato Neto, lan\u00e7ado em 1973. Uma produ\u00e7\u00e3o bem limitada, dif\u00edcil de achar at\u00e9 mesmo no Mercado Livre. No compacto temos duas m\u00fasicas da parceria Torquato Neto com Carlos Pinto: &#8220;Todo dia \u00e9 dia D&#8221;, com Gilberto Gil e &#8220;Tr\u00eas da madrugada&#8221;, com Gal Costa. Duas grava\u00e7\u00f5es raras, feitas especialmente para este trabalho. E tamb\u00e9m feita especialmente \u00e9 essa capa\/contracapa para o Toque Musical, pois o disquinho originalmente vem num simples envelop<a href=\"http:\/\/depositfiles.com\/files\/heok0f014\" target=\"_blank\">e<\/a>.<\/p>\n<div style=\"text-align: center;\">todo dia \u00e9 dia d &#8211; gilberto gil<\/div>\n<div style=\"text-align: center;\">tr\u00eas da madrugada &#8211; gal costa<\/div>\n<div style=\"text-align: center;\"><\/div>\n<div style=\"text-align: center;\">.<\/div>\n<p>&nbsp;<\/p>\n","protected":false},"excerpt":{"rendered":"<p>Boa noite, prezados amigos cultos e ocultos. Espero que voc\u00eas n\u00e3o reparem, mas estarei dando uma pausa nas postagens, na pr\u00f3xima semana. Estarei viajando e sem condi\u00e7\u00f5es de fazer muita coisa. Mas logo eu estarei de volta com boas e &hellip; <a href=\"https:\/\/www.toque-musicall.com\/?p=5248\">Continue lendo <span class=\"meta-nav\">&rarr;<\/span><\/a><\/p>\n","protected":false},"author":1,"featured_media":0,"comment_status":"open","ping_status":"closed","sticky":false,"template":"","format":"standard","meta":{"footnotes":""},"categories":[93,291,45,2611],"tags":[],"class_list":["post-5248","post","type-post","status-publish","format-standard","hentry","category-compactos","category-gal-costa","category-gilberto-gil","category-torquato-neto"],"_links":{"self":[{"href":"https:\/\/www.toque-musicall.com\/index.php?rest_route=\/wp\/v2\/posts\/5248","targetHints":{"allow":["GET"]}}],"collection":[{"href":"https:\/\/www.toque-musicall.com\/index.php?rest_route=\/wp\/v2\/posts"}],"about":[{"href":"https:\/\/www.toque-musicall.com\/index.php?rest_route=\/wp\/v2\/types\/post"}],"author":[{"embeddable":true,"href":"https:\/\/www.toque-musicall.com\/index.php?rest_route=\/wp\/v2\/users\/1"}],"replies":[{"embeddable":true,"href":"https:\/\/www.toque-musicall.com\/index.php?rest_route=%2Fwp%2Fv2%2Fcomments&post=5248"}],"version-history":[{"count":2,"href":"https:\/\/www.toque-musicall.com\/index.php?rest_route=\/wp\/v2\/posts\/5248\/revisions"}],"predecessor-version":[{"id":5250,"href":"https:\/\/www.toque-musicall.com\/index.php?rest_route=\/wp\/v2\/posts\/5248\/revisions\/5250"}],"wp:attachment":[{"href":"https:\/\/www.toque-musicall.com\/index.php?rest_route=%2Fwp%2Fv2%2Fmedia&parent=5248"}],"wp:term":[{"taxonomy":"category","embeddable":true,"href":"https:\/\/www.toque-musicall.com\/index.php?rest_route=%2Fwp%2Fv2%2Fcategories&post=5248"},{"taxonomy":"post_tag","embeddable":true,"href":"https:\/\/www.toque-musicall.com\/index.php?rest_route=%2Fwp%2Fv2%2Ftags&post=5248"}],"curies":[{"name":"wp","href":"https:\/\/api.w.org\/{rel}","templated":true}]}}