{"id":525,"date":"2011-03-13T21:26:00","date_gmt":"2011-03-13T21:26:00","guid":{"rendered":"http:\/\/www.toque-musicall.com\/?p=525"},"modified":"2011-03-13T21:26:00","modified_gmt":"2011-03-13T21:26:00","slug":"bene-nunes-telefone-para-27-9696-1959","status":"publish","type":"post","link":"https:\/\/www.toque-musicall.com\/?p=525","title":{"rendered":"Ben\u00e9 Nunes &#8211; Telefone Para 27-9696 (1959)"},"content":{"rendered":"<p><a href=\"http:\/\/1.bp.blogspot.com\/-Z43M1bSE0OY\/TX04ETPIKVI\/AAAAAAAAHzU\/ixqlw-KW7_Y\/s1600\/bene+nunes+P.JPG\"><img decoding=\"async\" style=\"text-align: center; margin: 0px auto 10px; width: 400px; display: block; height: 398px;\" id=\"BLOGGER_PHOTO_ID_5583680759543638354\" alt=\"\" src=\"http:\/\/1.bp.blogspot.com\/-Z43M1bSE0OY\/TX04ETPIKVI\/AAAAAAAAHzU\/ixqlw-KW7_Y\/s400\/bene+nunes+P.JPG\" border=\"0\" \/><\/a> Boa noite, amigos cultos e ocultos! Ontem, s\u00e1bado \u00e9 que era dia de festa, mesmo assim hoje ainda cabe um Ben\u00e9 Nunes para animar esse resto de domingo. Ali\u00e1s, diga-se de passagem, foi tamb\u00e9m num domingo que postei <a href=\"http:\/\/toque-musicall.blogspot.com\/search\/label\/Bene%20Nunes\">um outro disco do pianista<\/a>. Hoje ele volta em um \u00e1lbum ainda in\u00e9dito na blogosfera, o raro &#8220;Telefone para 27-9696&#8221;. Sei de muitos &#8216;causos&#8217; de gente (fina) que ligava neste n\u00famero para contratar o Ben\u00e9 Nunes. Ser\u00e1 que ele atendia? hehehe&#8230; De fato ele era o rei da nota musical em bailes e festas particulares, e cobrava mesmo uma nota para essas apresenta\u00e7\u00f5es. Era o pianista do ent\u00e3o Presidente JK. Fico aqui imaginando as festas daquela \u00e9poca no Rio. Ta\u00ed um artista que n\u00e3o devia ter nada a reclamar. Ben\u00e9 Nunes tamb\u00e9m atuou no cinema, em diversas produ\u00e7\u00f5es da Atl\u00e2ntida e era chamado de &#8220;pianista gal\u00e3&#8221;.<br \/>Neste \u00e1lbum temos o artista desfilando o que ele melhor gostava de tocar em festas. O repert\u00f3rio \u00e9 um mostru\u00e1rio, para n\u00e3o dizer uma propaganda para seduzir endinheirados como o &#8220;Coron\u00e9 Antonio Bento&#8221;. Temos aqui uma sele\u00e7\u00e3o musical da melhor qualidade, com dire\u00e7\u00e3o art\u00edstica de Aloysio de Oliveira. Confiram a\u00ed mais uma raridade do Toque Musical \ud83d\ude09<\/p>\n<div align=\"center\">recado<\/div>\n<div align=\"center\">i love paris<\/div>\n<div align=\"center\">se acaso voc\u00ea chegasse<\/div>\n<div align=\"center\">carrocel<\/div>\n<div align=\"center\">jeepers creepers<\/div>\n<div align=\"center\">maracangalha<\/div>\n<div align=\"center\">dan\u00e7ando em bras\u00edlia<\/div>\n<div align=\"center\">abre a janela<\/div>\n<div align=\"center\">deserto<\/div>\n<div align=\"center\">pra\u00e7a 11<\/div>\n<div align=\"center\">garoto<\/div>\n<div align=\"center\">pot pourri:<\/div>\n<div align=\"center\">tea for two<\/div>\n<div align=\"center\">holiday for strings<\/div>\n<div align=\"center\">blue moon<\/div>\n<div align=\"center\">c&#8217;est si bon<\/div>\n<div align=\"center\">raps\u00f3dia h\u00fangara n\u00ba2<\/div>\n<div align=\"center\"> <\/div>\n<div align=\"center\"> <\/div>\n","protected":false},"excerpt":{"rendered":"<p>Boa noite, amigos cultos e ocultos! Ontem, s\u00e1bado \u00e9 que era dia de festa, mesmo assim hoje ainda cabe um Ben\u00e9 Nunes para animar esse resto de domingo. Ali\u00e1s, diga-se de passagem, foi tamb\u00e9m num domingo que postei um outro &hellip; <a href=\"https:\/\/www.toque-musicall.com\/?p=525\">Continue lendo <span class=\"meta-nav\">&rarr;<\/span><\/a><\/p>\n","protected":false},"author":1,"featured_media":0,"comment_status":"open","ping_status":"closed","sticky":false,"template":"","format":"standard","meta":{"footnotes":""},"categories":[810,86],"tags":[],"class_list":["post-525","post","type-post","status-publish","format-standard","hentry","category-bene-nunes","category-selo-odeon"],"_links":{"self":[{"href":"https:\/\/www.toque-musicall.com\/index.php?rest_route=\/wp\/v2\/posts\/525","targetHints":{"allow":["GET"]}}],"collection":[{"href":"https:\/\/www.toque-musicall.com\/index.php?rest_route=\/wp\/v2\/posts"}],"about":[{"href":"https:\/\/www.toque-musicall.com\/index.php?rest_route=\/wp\/v2\/types\/post"}],"author":[{"embeddable":true,"href":"https:\/\/www.toque-musicall.com\/index.php?rest_route=\/wp\/v2\/users\/1"}],"replies":[{"embeddable":true,"href":"https:\/\/www.toque-musicall.com\/index.php?rest_route=%2Fwp%2Fv2%2Fcomments&post=525"}],"version-history":[{"count":0,"href":"https:\/\/www.toque-musicall.com\/index.php?rest_route=\/wp\/v2\/posts\/525\/revisions"}],"wp:attachment":[{"href":"https:\/\/www.toque-musicall.com\/index.php?rest_route=%2Fwp%2Fv2%2Fmedia&parent=525"}],"wp:term":[{"taxonomy":"category","embeddable":true,"href":"https:\/\/www.toque-musicall.com\/index.php?rest_route=%2Fwp%2Fv2%2Fcategories&post=525"},{"taxonomy":"post_tag","embeddable":true,"href":"https:\/\/www.toque-musicall.com\/index.php?rest_route=%2Fwp%2Fv2%2Ftags&post=525"}],"curies":[{"name":"wp","href":"https:\/\/api.w.org\/{rel}","templated":true}]}}