{"id":5257,"date":"2015-10-28T07:45:21","date_gmt":"2015-10-28T09:45:21","guid":{"rendered":"http:\/\/www.toque-musicall.com\/?p=5257"},"modified":"2015-10-28T07:45:21","modified_gmt":"2015-10-28T09:45:21","slug":"duardo-dusek-compacto-1978","status":"publish","type":"post","link":"https:\/\/www.toque-musicall.com\/?p=5257","title":{"rendered":"Duardo Dusek &#8211; Compacto (1978)"},"content":{"rendered":"<p><img loading=\"lazy\" decoding=\"async\" class=\"aligncenter\" alt=\"\" src=\"http:\/\/2.bp.blogspot.com\/-qfTxa5UYtW8\/VjCUnFB7kAI\/AAAAAAAAMR8\/rShHSx4vPuw\/s640\/lado%2BA.JPG\" width=\"640\" height=\"628\" \/><img loading=\"lazy\" decoding=\"async\" class=\"aligncenter\" alt=\"\" src=\"http:\/\/1.bp.blogspot.com\/-X36FUVD2Akk\/VjCUm0pTeiI\/AAAAAAAAMR4\/z2-IiCWniTY\/s640\/lado%2BB.JPG\" width=\"637\" height=\"640\" \/>O Toque Musical oferece hoje a seus amigos cultos, ocultos e associados mais um compacto. Desta vez, \u00e9 um single de in\u00edcio de carreira de um irreverente ator, cantor e compositor: Eduardo Dussek. \u00a0Batizado com o nome de Eduardo Gabor Dusek, nosso focalizado nasceu no Rio de Janeiro, no comecinho do ano de 1958, ou seja, a primeiro de janeiro. Come\u00e7ou sua carreira art\u00edstica na adolesc\u00eancia, aos quinze anos, como pianista de pe\u00e7as teatrais, ocasi\u00e3o em que tamb\u00e9m estudava na Escola Nacional de M\u00fasica. Mais tarde, passou a compor suas pr\u00f3prias m\u00fasicas e montou uma banda, devidamente apadrinhada por Gilberto Gil.\u00a0 Em geral, as composi\u00e7\u00f5es musicais do ent\u00e3o Eduardo Dusek aliam s\u00e1tira e bom humor. Sua estreia em disco deu-se em 1975, ao interpretar \u201cEla n\u00e3o sabia nada (Piccadilly rock)\u201d, parte da trilha sonora da novela \u201cBravo!\u201d, da TV Globo, assinando-se a princ\u00edpio como Duardo Dusek.\u00a0 J\u00e1 com m\u00fasicas gravadas por nomes de peso da MPB (como, por exemplo, \u201cSeu tipo\u201d, na voz de Ney Matogrosso, e \u201cFolia no matagal\u201d, por Maria Alcina, mais tarde regravada por Ney e por ele mesmo), revelou-se para o grande p\u00fablico em 1980, no Festival de MPB da Globo, interpretando \u201cNostradamus\u201d, de sua autoria, cantando e tocando piano de fraque, asas e ceroula branca! Ainda nesse ano, gravou seu primeiro \u00e1lbum-solo, \u201cOlhar brasileiro\u201d. Mas o estouro definitivo aconteceria em fins de 1982, quando gravou o LP \u201cCantando no banheiro\u201d, no qual se destacaram os hits \u201cBarrados no baile\u201d, \u201cRock da cachorra\u201d e a faixa-t\u00edtulo. \u00a0Entre outros sucessos, destacam-se: \u201cBrega-chique \u2013 O vento levou black\u201d (mais conhecida por \u201cDom\u00e9stica\u201d), \u201cCabelos negros\u201d, \u201cEu velejava em voc\u00ea\u201d, \u201cAmor e bombas\u201d (que tocava na abertura de outra novela global, \u201cBeb\u00ea a bordo\u201d) e \u201cAventura\u201d.\u00a0 Em 1989, atuou no musical \u201cLoja de horrores\u201d, no papel de um dentista. Seus trabalhos em televis\u00e3o foram muitos, particularmente no especial infantil \u201cPlunct plact zuuuum\u201d (Globo, 1983), no papel de um professor de Matem\u00e1tica, e em novelas, como \u201cXica da Silva\u201d (Manchete, 1996, na qual fez o Capit\u00e3o-Mor Emanuel\u00a0 Gon\u00e7alo). Na Globo, interpretou a si pr\u00f3prio nas novelas \u201cAs filhas da m\u00e3e\u201d (2001), \u201cCelebridade\u201d (2004), \u201cTititi\u201d (segunda vers\u00e3o, 2010) e no seriado humor\u00edstico \u201cSob nova dire\u00e7\u00e3o\u201d. Tamb\u00e9m fez personagens fict\u00edcios em outras produ\u00e7\u00f5es da emissora. Quando este coment\u00e1rio estava sendo redigido, estava no ar em \u201cI love Parais\u00f3polis\u201d (2015), interpretando o personagem Armandinho. No cinema, atou em \u201cFederal\u201d (2010) e \u201cOs penetras\u201d (2012). Sua discografia como int\u00e9rprete abrange sete \u00e1lbuns-solo, gravados entre 1980 e 2011, e o coletivo \u201cSassaricando \u2013 E o Rio inventou a marchinha\u201d (2006), trilha sonora do musical teatral de mesmo nome.<\/p>\n<div>\u00a0Aqui, o TM oferece um raro compacto simples deste artista not\u00e1vel e de talento, ent\u00e3o assinando-se como Duardo Dusek.\u00a0 Lan\u00e7ado em 1978 pela RCA, hoje Sony Music, foi produzido a quatro m\u00e3os por Nelsinho Motta e Eust\u00e1quio Sena, com arranjos de Don Charles, e apresenta duas composi\u00e7\u00f5es dele mesmo em parceria com C\u00e1ssio Freire. Abrindo o single, \u201cN\u00e3o tem perigo\u201d, e, no verso, \u201cApelo da ra\u00e7a\u201d. Um disco realmente dif\u00edcil de se encontrar e bastante raro, mas revela\u00a0 um talento de futuro bastante promissor. Desfrute<a href=\"http:\/\/depositfiles.com\/files\/emfqvopfd\" target=\"_blank\">m<\/a>&#8230;<\/div>\n<div><\/div>\n<div>*<i>Texto de Samuel Machado Filho<\/i><\/div>\n<div><\/div>\n<div style=\"text-align: center;\">n\u00e3o tem perigo<\/div>\n<div style=\"text-align: center;\">apelo da ra\u00e7a<\/div>\n<div style=\"text-align: center;\"><\/div>\n<div style=\"text-align: center;\">.<\/div>\n","protected":false},"excerpt":{"rendered":"<p>O Toque Musical oferece hoje a seus amigos cultos, ocultos e associados mais um compacto. Desta vez, \u00e9 um single de in\u00edcio de carreira de um irreverente ator, cantor e compositor: Eduardo Dussek. \u00a0Batizado com o nome de Eduardo Gabor &hellip; <a href=\"https:\/\/www.toque-musicall.com\/?p=5257\">Continue lendo <span class=\"meta-nav\">&rarr;<\/span><\/a><\/p>\n","protected":false},"author":1,"featured_media":0,"comment_status":"open","ping_status":"closed","sticky":false,"template":"","format":"standard","meta":{"footnotes":""},"categories":[93,1780,70],"tags":[],"class_list":["post-5257","post","type-post","status-publish","format-standard","hentry","category-compactos","category-eduardo-dusek","category-selo-rca-victor"],"_links":{"self":[{"href":"https:\/\/www.toque-musicall.com\/index.php?rest_route=\/wp\/v2\/posts\/5257","targetHints":{"allow":["GET"]}}],"collection":[{"href":"https:\/\/www.toque-musicall.com\/index.php?rest_route=\/wp\/v2\/posts"}],"about":[{"href":"https:\/\/www.toque-musicall.com\/index.php?rest_route=\/wp\/v2\/types\/post"}],"author":[{"embeddable":true,"href":"https:\/\/www.toque-musicall.com\/index.php?rest_route=\/wp\/v2\/users\/1"}],"replies":[{"embeddable":true,"href":"https:\/\/www.toque-musicall.com\/index.php?rest_route=%2Fwp%2Fv2%2Fcomments&post=5257"}],"version-history":[{"count":1,"href":"https:\/\/www.toque-musicall.com\/index.php?rest_route=\/wp\/v2\/posts\/5257\/revisions"}],"predecessor-version":[{"id":5258,"href":"https:\/\/www.toque-musicall.com\/index.php?rest_route=\/wp\/v2\/posts\/5257\/revisions\/5258"}],"wp:attachment":[{"href":"https:\/\/www.toque-musicall.com\/index.php?rest_route=%2Fwp%2Fv2%2Fmedia&parent=5257"}],"wp:term":[{"taxonomy":"category","embeddable":true,"href":"https:\/\/www.toque-musicall.com\/index.php?rest_route=%2Fwp%2Fv2%2Fcategories&post=5257"},{"taxonomy":"post_tag","embeddable":true,"href":"https:\/\/www.toque-musicall.com\/index.php?rest_route=%2Fwp%2Fv2%2Ftags&post=5257"}],"curies":[{"name":"wp","href":"https:\/\/api.w.org\/{rel}","templated":true}]}}