{"id":5259,"date":"2015-10-31T23:09:26","date_gmt":"2015-11-01T01:09:26","guid":{"rendered":"http:\/\/www.toque-musicall.com\/?p=5259"},"modified":"2015-10-31T23:09:26","modified_gmt":"2015-11-01T01:09:26","slug":"viva-a-gente-1969","status":"publish","type":"post","link":"https:\/\/www.toque-musicall.com\/?p=5259","title":{"rendered":"Viva A Gente (1969)"},"content":{"rendered":"<p><img loading=\"lazy\" decoding=\"async\" class=\"aligncenter\" alt=\"\" src=\"http:\/\/1.bp.blogspot.com\/-hQLGrxRV_qQ\/VjQU9hsnpEI\/AAAAAAAAMSQ\/zbhGxOfAhcY\/s640\/capap.JPG\" width=\"640\" height=\"633\" \/><img loading=\"lazy\" decoding=\"async\" class=\"aligncenter\" alt=\"\" src=\"http:\/\/3.bp.blogspot.com\/-7SvdPrVh3_M\/VjQU96SmQwI\/AAAAAAAAMSU\/vaSc7xoELJE\/s640\/contrap.JPG\" width=\"640\" height=\"639\" \/>Ol\u00e1, amigos cultos e ocultos! Aqui estamos n\u00f3s de volta,.. E as nossas postagens de compactos ainda n\u00e3o encerrou. Vamos continuar trazendo os disquinhos de 7 polegadas, fiquem tranquilos!<br \/>\nEstive passeando, viajando pelo Sul e como sempre explorando pelas cidades onde passei, os sebos e lojas de discos que ainda resistem, espalhados por a\u00ed. Eu sempre tenho a esperan\u00e7a de encontrar alguma coisa rara e interessante. E geralmente eu encontro. Desta vez achei mais discos estrangeiros, que no caso, n\u00e3o serve para o nosso blog, mas ainda assim consegui alguns nacionais para compartilhar com voc\u00eas. Retomando as postagens, entre lps e compactos, vamos hoje trazendo um disco que eu fui descobri l\u00e1 em Santa Maria, no Rio Grande do Sul. Por estranho que possa me parecer, nunca tinha visto ou ouvido este disco antes. De cara, pela capa e pelo selo j\u00e1 senti que tinha algo interessante aqui.Viva a Gente! O que seria isso? Pensei numa colet\u00e2nea ou algo assim. Infelizmente, no momento da compra, n\u00e3o foi poss\u00edvel ouvir e nem pelo selo ou verso da capa eu consegui entender do que se tratava. Foi s\u00f3 agora, de volta, pude ouvir e pesquisar sobre ele. Descobri que se trata da &#8216;vers\u00e3o brasileira&#8217; de um movimento jovem surgido nos anos 60, trazido por um grupo coral alem\u00e3o chamado &#8220;Sing Out Deutschland&#8221;, que em 1966 se apresentou no Brasil. Este grupo trazia em sua m\u00fasica mensagens e sentimentos positivos, de motiva\u00e7\u00e3o, buscando mobilizar a juventude da \u00e9poca para a constru\u00e7\u00e3o de um mundo melhor. O lema era &#8216;honestidade, pureza, altru\u00edsmo e amor&#8217;. Uma ideia nova que surgia e encantava pelos seus objetivos. Era algo que, indiretamente, tinha um misto de movimento hippie (de paz e amor) com os movimentos jovens da igreja cat\u00f3lica. O grupo Sing Out passou por diversas cidades da regi\u00e3o sudeste e sul do pa\u00eds. Motivou muitos jovens a fazerem m\u00fasicas com esse esp\u00edrito positivista e deixou por aqui um embri\u00e3o. Surgiu em Joinville, SC, um movimento\/coral, o coletivo Viva a Gente, um grupo coral formado com mais de 50 integrantes. Este grupo, segundo contam, fez muito sucesso se apresentado por diversas cidades do sul, conseguindo inclusive gravar este disco, lan\u00e7ado em 1969 pelo selo Philips, com m\u00fasicas, em sua maioria, vers\u00f5es do &#8216;Sing Out Deutschland&#8217;.<br \/>\nExistem na rede alguns\u00a0<a href=\"http:\/\/clubedosentasdecatanduva.blogspot.com.br\/2012\/04\/viva-la-gente-viva-la-gente.html\" target=\"_blank\">sites<\/a>\u00a0e\u00a0<a href=\"http:\/\/anselmomoraes.blogspot.com.br\/2013\/08\/viva-gente.html\" target=\"_blank\">blogs<\/a>\u00a0que falam sobre o &#8216;Viva a Gente&#8217;, relatos de pessoas que participaram do movimento. Vale a pena conhecer. Quanto ao disco, com certeza, \u00e9 uma pe\u00e7a rara, que eu s\u00f3 poderia ter encontrado mesmo no Sul. E olha que por l\u00e1 ningu\u00e9m sabia tamb\u00e9m do que se tratava! Creio que este disco nunca chegou a ser apresentado assim, para recordar e baixar&#8230; S\u00f3 mesmo atrav\u00e9s de blogs como o Toque Musical, n\u00e3o \u00e9 mesm<a href=\"http:\/\/depositfiles.com\/files\/8ghrszwbt\" target=\"_blank\">o<\/a>? \ud83d\ude09<\/p>\n<div style=\"text-align: center;\">viva a gente<\/div>\n<div style=\"text-align: center;\">am\u00e9rica latina<\/div>\n<div style=\"text-align: center;\">bras\u00edlia<\/div>\n<div style=\"text-align: center;\">\u00e1gua para um pa\u00eds sedento<\/div>\n<div style=\"text-align: center;\">de que cor \u00e9 a pele de deus?<\/div>\n<div style=\"text-align: center;\">s\u00ea jovem de cora\u00e7\u00e3o<\/div>\n<div style=\"text-align: center;\">n\u00e3o estacione<\/div>\n<div style=\"text-align: center;\">olhe para o futuro confiante<\/div>\n<div style=\"text-align: center;\">escuta a voz<\/div>\n<div style=\"text-align: center;\">hoje, n\u00e3o amanh\u00e3<\/div>\n<div style=\"text-align: center;\">est\u00e1 errado<\/div>\n<div style=\"text-align: center;\">liberdade<\/div>\n<div style=\"text-align: center;\"><\/div>\n<div style=\"text-align: center;\">.<\/div>\n","protected":false},"excerpt":{"rendered":"<p>Ol\u00e1, amigos cultos e ocultos! Aqui estamos n\u00f3s de volta,.. E as nossas postagens de compactos ainda n\u00e3o encerrou. Vamos continuar trazendo os disquinhos de 7 polegadas, fiquem tranquilos! Estive passeando, viajando pelo Sul e como sempre explorando pelas cidades &hellip; <a href=\"https:\/\/www.toque-musicall.com\/?p=5259\">Continue lendo <span class=\"meta-nav\">&rarr;<\/span><\/a><\/p>\n","protected":false},"author":1,"featured_media":0,"comment_status":"open","ping_status":"closed","sticky":false,"template":"","format":"standard","meta":{"footnotes":""},"categories":[2612,48],"tags":[],"class_list":["post-5259","post","type-post","status-publish","format-standard","hentry","category-grupo-viva-a-gente","category-selo-philips"],"_links":{"self":[{"href":"https:\/\/www.toque-musicall.com\/index.php?rest_route=\/wp\/v2\/posts\/5259","targetHints":{"allow":["GET"]}}],"collection":[{"href":"https:\/\/www.toque-musicall.com\/index.php?rest_route=\/wp\/v2\/posts"}],"about":[{"href":"https:\/\/www.toque-musicall.com\/index.php?rest_route=\/wp\/v2\/types\/post"}],"author":[{"embeddable":true,"href":"https:\/\/www.toque-musicall.com\/index.php?rest_route=\/wp\/v2\/users\/1"}],"replies":[{"embeddable":true,"href":"https:\/\/www.toque-musicall.com\/index.php?rest_route=%2Fwp%2Fv2%2Fcomments&post=5259"}],"version-history":[{"count":1,"href":"https:\/\/www.toque-musicall.com\/index.php?rest_route=\/wp\/v2\/posts\/5259\/revisions"}],"predecessor-version":[{"id":5260,"href":"https:\/\/www.toque-musicall.com\/index.php?rest_route=\/wp\/v2\/posts\/5259\/revisions\/5260"}],"wp:attachment":[{"href":"https:\/\/www.toque-musicall.com\/index.php?rest_route=%2Fwp%2Fv2%2Fmedia&parent=5259"}],"wp:term":[{"taxonomy":"category","embeddable":true,"href":"https:\/\/www.toque-musicall.com\/index.php?rest_route=%2Fwp%2Fv2%2Fcategories&post=5259"},{"taxonomy":"post_tag","embeddable":true,"href":"https:\/\/www.toque-musicall.com\/index.php?rest_route=%2Fwp%2Fv2%2Ftags&post=5259"}],"curies":[{"name":"wp","href":"https:\/\/api.w.org\/{rel}","templated":true}]}}