{"id":526,"date":"2011-03-12T23:09:00","date_gmt":"2011-03-12T23:09:00","guid":{"rendered":"http:\/\/www.toque-musicall.com\/?p=526"},"modified":"2011-03-12T23:09:00","modified_gmt":"2011-03-12T23:09:00","slug":"djavan-primeiras-gravacoes-2011","status":"publish","type":"post","link":"https:\/\/www.toque-musicall.com\/?p=526","title":{"rendered":"Djavan &#8211; Primeiras Grava\u00e7\u00f5es&#8230; (2011)"},"content":{"rendered":"<p><a href=\"http:\/\/2.bp.blogspot.com\/--OLvZZjTt7Y\/TXv9rjwKohI\/AAAAAAAAHzI\/7zOiL4_kOAk\/s1600\/capa+P.JPG\"><img decoding=\"async\" style=\"TEXT-ALIGN: center; MARGIN: 0px auto 10px; WIDTH: 397px; DISPLAY: block; HEIGHT: 400px; CURSOR: hand\" id=\"BLOGGER_PHOTO_ID_5583335087829328402\" border=\"0\" alt=\"\" src=\"http:\/\/2.bp.blogspot.com\/--OLvZZjTt7Y\/TXv9rjwKohI\/AAAAAAAAHzI\/7zOiL4_kOAk\/s400\/capa+P.JPG\" \/><\/a> Ol\u00e1 amiguinhos cultos e ocultos! Demorei, mas cheguei&#8230; E como sempre, fazendo a diferen\u00e7a \ud83d\ude09<br \/>Ontem eu havia comentado sobre a possibilidade de criarmos aqui no Toque Musical um dia na semana para colet\u00e2neas. J\u00e1 tenho algumas aqui selecionadas faltando apenas as famosas capinhas. Tive a ideia de convidar alguns amigos blogueiros, inicialmente os que constam na minha lista de indica\u00e7\u00e3o, para criarem colet\u00e2neas, as quais eu irei postando gradualmente. Ao longo do tempo teremos uma s\u00e9rie bacana, voc\u00eas n\u00e3o acham?<br \/>Hoje eu vou trazendo uma colet\u00e2nea especial. H\u00e1 pouco mais de um m\u00eas, o amigo Tri-X (aquele que me mandou o S\u00e9rgio Sampaio no Cabaret Mineiro) me presenteou com outro arquivo bem interessante, algumas das primeiras grava\u00e7\u00f5es do Djavan. Encontramos aqui grava\u00e7\u00f5es feitas a partir do in\u00edcio dos anos 70, quando ele ent\u00e3o era contratato da Globo\/Som Livre. Djavan fazia parte do &#8216;cast&#8217; musical da Rede Globo, era cantor de trilhas sonoras de novelas, para as quais grava m\u00fasicas de compositores consagrados como Dori Caymmi, Toquinho e Vin\u00edcius e Paulo e Marcos S\u00e9rgio Valle. Paralelo a vida de int\u00e9rprete ele tamb\u00e9m marcava presen\u00e7a como compositor. Sua m\u00fasica &#8220;Fato consumado&#8221; tirou segundo lugar no Festival Abertura e lhe garantiu o direito de gravar o seu primeiro lp, &#8220;A voz, o viol\u00e3o, a m\u00fasica de Djavan&#8221;, de 1976. Mas antes disso, por\u00e9m ele lan\u00e7ou dois compactos compacto, em 1975 e 76 que est\u00e3o reunidos aqui juntamente com algumas outras m\u00fasicas do arquivo Som Livre datados a partir de 1973. O interessante desta colet\u00e2nea, que eu aqui dei o nome de &#8220;Primeiras grava\u00e7\u00f5es&#8230;&#8221;, \u00e9 que s\u00e3o de m\u00fasicas, em sua maioria, in\u00e9ditas ou nunca relan\u00e7adas em colet\u00e2neas do artista.<br \/>Para embalar o nosso produto, criei esta capinha, partido da foto original da contracapa de um dos compactos. Mod\u00e9stia a parte, acho que ficou apresent\u00e1vel, n\u00e3o \u00e9 mesmo?<\/p>\n<div align=\"center\">qual \u00e9<\/div>\n<div align=\"center\">presun\u00e7osa<\/div>\n<div align=\"center\">porta aberta<\/div>\n<div align=\"center\">calmaria e vendaval<\/div>\n<div align=\"center\">anast\u00e1cio<\/div>\n<div align=\"center\">ol\u00e1<\/div>\n<div align=\"center\">a escola<\/div>\n<div align=\"center\">no sil\u00eancio da madrugada<\/div>\n<div align=\"center\">samba da volta<\/div>\n<div align=\"center\">fato consumado<\/div>\n<div align=\"center\">rei do mar<\/div>\n<div align=\"center\">um dia<\/div>\n<div align=\"center\">\u00e9 hora<\/div>\n<div align=\"center\">romeiros<\/div>\n<div align=\"center\">roque santeiro (b\u00f4nus)<\/div>\n<div align=\"center\"> <\/div>\n<div align=\"center\"> <\/div>\n","protected":false},"excerpt":{"rendered":"<p>Ol\u00e1 amiguinhos cultos e ocultos! Demorei, mas cheguei&#8230; E como sempre, fazendo a diferen\u00e7a \ud83d\ude09Ontem eu havia comentado sobre a possibilidade de criarmos aqui no Toque Musical um dia na semana para colet\u00e2neas. J\u00e1 tenho algumas aqui selecionadas faltando apenas &hellip; <a href=\"https:\/\/www.toque-musicall.com\/?p=526\">Continue lendo <span class=\"meta-nav\">&rarr;<\/span><\/a><\/p>\n","protected":false},"author":1,"featured_media":0,"comment_status":"open","ping_status":"closed","sticky":false,"template":"","format":"standard","meta":{"footnotes":""},"categories":[811],"tags":[],"class_list":["post-526","post","type-post","status-publish","format-standard","hentry","category-djavan"],"_links":{"self":[{"href":"https:\/\/www.toque-musicall.com\/index.php?rest_route=\/wp\/v2\/posts\/526","targetHints":{"allow":["GET"]}}],"collection":[{"href":"https:\/\/www.toque-musicall.com\/index.php?rest_route=\/wp\/v2\/posts"}],"about":[{"href":"https:\/\/www.toque-musicall.com\/index.php?rest_route=\/wp\/v2\/types\/post"}],"author":[{"embeddable":true,"href":"https:\/\/www.toque-musicall.com\/index.php?rest_route=\/wp\/v2\/users\/1"}],"replies":[{"embeddable":true,"href":"https:\/\/www.toque-musicall.com\/index.php?rest_route=%2Fwp%2Fv2%2Fcomments&post=526"}],"version-history":[{"count":0,"href":"https:\/\/www.toque-musicall.com\/index.php?rest_route=\/wp\/v2\/posts\/526\/revisions"}],"wp:attachment":[{"href":"https:\/\/www.toque-musicall.com\/index.php?rest_route=%2Fwp%2Fv2%2Fmedia&parent=526"}],"wp:term":[{"taxonomy":"category","embeddable":true,"href":"https:\/\/www.toque-musicall.com\/index.php?rest_route=%2Fwp%2Fv2%2Fcategories&post=526"},{"taxonomy":"post_tag","embeddable":true,"href":"https:\/\/www.toque-musicall.com\/index.php?rest_route=%2Fwp%2Fv2%2Ftags&post=526"}],"curies":[{"name":"wp","href":"https:\/\/api.w.org\/{rel}","templated":true}]}}