{"id":5267,"date":"2015-11-03T20:29:50","date_gmt":"2015-11-03T22:29:50","guid":{"rendered":"http:\/\/www.toque-musicall.com\/?p=5267"},"modified":"2015-11-04T14:06:53","modified_gmt":"2015-11-04T16:06:53","slug":"compactos-giane-1965-silvana-1973","status":"publish","type":"post","link":"https:\/\/www.toque-musicall.com\/?p=5267","title":{"rendered":"Compactos &#8211; Giane (1965) &#8211; Silvana (1973)"},"content":{"rendered":"<p><img loading=\"lazy\" decoding=\"async\" class=\"aligncenter\" alt=\"\" src=\"http:\/\/2.bp.blogspot.com\/-Z1xWXGUgPl0\/Vjor8eMQGYI\/AAAAAAAAMTg\/P43BdUJTq8A\/s640\/capa.JPG\" width=\"640\" height=\"640\" \/><img loading=\"lazy\" decoding=\"async\" class=\"aligncenter\" alt=\"\" src=\"http:\/\/1.bp.blogspot.com\/-gg9IUEiWcj0\/Vjor8Pea1_I\/AAAAAAAAMTc\/oaltPLVPU4g\/s640\/contra.JPG\" width=\"640\" height=\"630\" \/><img loading=\"lazy\" decoding=\"async\" class=\"aligncenter\" alt=\"\" src=\"http:\/\/3.bp.blogspot.com\/-5rxqNE6n-sk\/VjosJBDc4PI\/AAAAAAAAMTw\/PBO0ETD_6D4\/s640\/capa.JPG\" width=\"640\" height=\"639\" \/><img loading=\"lazy\" decoding=\"async\" class=\"aligncenter\" alt=\"\" src=\"http:\/\/4.bp.blogspot.com\/-4nxmJNfBfAc\/VjosJOF1KaI\/AAAAAAAAMTs\/zQYRfPe9RX4\/s640\/contra.JPG\" width=\"638\" height=\"640\" \/>Ol\u00e1, amigos cultos, ocultos e associados!\u00a0 O TM oferece hoje mais uma sele\u00e7\u00e3o de compactos, dessas que tanto t\u00eam agradado a voc\u00eas. Esses dois tesouros de sete polegadas que hoje lhes oferecemos foram lan\u00e7ados nas d\u00e9cadas de 1960 e 70, e trazem um repert\u00f3rio essencialmente rom\u00e2ntico.\u00a0O mais antigo item de nossa sele\u00e7\u00e3o \u00e9 o compacto simples de Giane (Georgina Morozine dos Santos), uma das precursoras da Jovem Guarda. Paulista de Bebedouro, ela se mudou ainda pequena para Jaboticabal, passando a inf\u00e2ncia entre essa cidade e Ribeir\u00e3o Preto, onde come\u00e7ou sua carreira, na TV Tupi, Canal 3, atuando tamb\u00e9m como crooner da orquestra de Jaboticabal. Seu primeiro disco, em 78 rpm, foi lan\u00e7ado pela Chantecler em fevereiro de 1962, apresentando o samba m\u00e9dio \u201cQuero ver\u201d e o bolero \u201cPor acaso\u201d. \u00c9 respons\u00e1vel por sucessos inesquec\u00edveis, tais como \u201cDominique\u201d, \u201cAngelita\u201d, \u201cN\u00e3o saber\u00e1s\u201d, \u201cOlhos tristes\u201d (com participa\u00e7\u00e3o especial de Barros de Alencar), \u201cSaudade que n\u00e3o foi sequer saudade\u201d, etc. Recebeu in\u00fameros pr\u00eamios ao longo de sua carreira, como o Trof\u00e9u Chico Viola, em 1964, e, um ano depois, o Roquette Pinto de melhor cantora. O TM oferece um single de Giane lan\u00e7ado pela Chantecler por volta de junho de 1964. De um lado, \u201cPreste aten\u00e7\u00e3o (Fais attention)\u201d, vers\u00e3o de Paulo Queiroz para uma balada rom\u00e2ntica de origem francesa, que no entanto faria mais sucesso na voz de Wanderley Cardoso, sendo por sinal o primeiro grande hit do cantor. No lado B, o divertido twist \u201cEu n\u00e3o posso namorar\u201d, de Geraldo Nunes e Roberto Muniz, com um coral \u00e0 la pato Donald simplesmente hilariante. Ambas as faixas apareceriam depois no segundo LP de Giane, lan\u00e7ado em mar\u00e7o de 1965.\u00a0Por outro, temos o compacto duplo de Silvana (Terezinha Almeida de Oliveira, Campos, RJ, 8\/7\/1941). Respons\u00e1vel por hits como \u201cAmor, fonte da vida\u201d, \u201cEspinhos da saudade\u201d, \u201cNovilheiro \u00a0e \u201cPombinha branca\u201d, formou uma bem-sucedida dupla com Rinaldo Calheiros interpretando tangos (\u201cCantando\u201d, \u201cOnde est\u00e1s, cora\u00e7\u00e3o?\u201d, \u201cAmor\u201d&#8230;). Foi casada com o tamb\u00e9m cantor Marco Aur\u00e9lio, j\u00e1 falecido, e igualmente gravaram m\u00fasicas em dupla. Aqui, um compacto duplo Copacabana de 1973, no qual ela interpreta \u201cSe tem que ser adeus&#8230; adeus\u201d, de C\u00e9sar e Cirus, lan\u00e7ada no ano anterior por Waldik Soriano, \u201cNunca mais eu te esqueci\u201d, de Almir Rog\u00e9rio, aquele do \u201cFusc\u00e3o preto\u201d, em parceria com Jean Pierre, \u201cVoc\u00ea \u00e9 muito importante em minha vida\u201d, composi\u00e7\u00e3o de Cl\u00e1udio Fontana, e \u201cAvenida do amor\u201d, de Carlos Bonani. \u00a0Enfim, uma sele\u00e7\u00e3o com repert\u00f3rio flagrantemente popular, apresentando letras simples e diretas, m\u00fasicas como n\u00e3o se fazem mais atualmente. Confira<a href=\"http:\/\/depositfiles.com\/files\/ujhqxkh2y\" target=\"_blank\">m&#8230;<\/a><\/p>\n<p>*Texto de Samuel Machado Filho<\/p>\n<div>\n<div style=\"text-align: center;\">preste aten\u00e7\u00e3o &#8211; giane<\/div>\n<div style=\"text-align: center;\">eu n\u00e3o posso namorar &#8211; giane<\/div>\n<div style=\"text-align: center;\">se tem que ser adeus&#8230; adeus &#8211; silvana<\/div>\n<div style=\"text-align: center;\">nunca mais eu te esqueci &#8211; silvana<\/div>\n<div style=\"text-align: center;\">voc\u00ea \u00e9 muito importante em minha vida &#8211; silvana<\/div>\n<div style=\"text-align: center;\">avenida do amor &#8211; silvana<\/div>\n<div style=\"text-align: center;\"><\/div>\n<div style=\"text-align: center;\">.<\/div>\n<\/div>\n","protected":false},"excerpt":{"rendered":"<p>Ol\u00e1, amigos cultos, ocultos e associados!\u00a0 O TM oferece hoje mais uma sele\u00e7\u00e3o de compactos, dessas que tanto t\u00eam agradado a voc\u00eas. Esses dois tesouros de sete polegadas que hoje lhes oferecemos foram lan\u00e7ados nas d\u00e9cadas de 1960 e 70, &hellip; <a href=\"https:\/\/www.toque-musicall.com\/?p=5267\">Continue lendo <span class=\"meta-nav\">&rarr;<\/span><\/a><\/p>\n","protected":false},"author":1,"featured_media":0,"comment_status":"open","ping_status":"closed","sticky":false,"template":"","format":"standard","meta":{"footnotes":""},"categories":[93,2613,217,152,731],"tags":[],"class_list":["post-5267","post","type-post","status-publish","format-standard","hentry","category-compactos","category-giane","category-selo-chantecler","category-selo-copacabana","category-silvana"],"_links":{"self":[{"href":"https:\/\/www.toque-musicall.com\/index.php?rest_route=\/wp\/v2\/posts\/5267","targetHints":{"allow":["GET"]}}],"collection":[{"href":"https:\/\/www.toque-musicall.com\/index.php?rest_route=\/wp\/v2\/posts"}],"about":[{"href":"https:\/\/www.toque-musicall.com\/index.php?rest_route=\/wp\/v2\/types\/post"}],"author":[{"embeddable":true,"href":"https:\/\/www.toque-musicall.com\/index.php?rest_route=\/wp\/v2\/users\/1"}],"replies":[{"embeddable":true,"href":"https:\/\/www.toque-musicall.com\/index.php?rest_route=%2Fwp%2Fv2%2Fcomments&post=5267"}],"version-history":[{"count":3,"href":"https:\/\/www.toque-musicall.com\/index.php?rest_route=\/wp\/v2\/posts\/5267\/revisions"}],"predecessor-version":[{"id":5270,"href":"https:\/\/www.toque-musicall.com\/index.php?rest_route=\/wp\/v2\/posts\/5267\/revisions\/5270"}],"wp:attachment":[{"href":"https:\/\/www.toque-musicall.com\/index.php?rest_route=%2Fwp%2Fv2%2Fmedia&parent=5267"}],"wp:term":[{"taxonomy":"category","embeddable":true,"href":"https:\/\/www.toque-musicall.com\/index.php?rest_route=%2Fwp%2Fv2%2Fcategories&post=5267"},{"taxonomy":"post_tag","embeddable":true,"href":"https:\/\/www.toque-musicall.com\/index.php?rest_route=%2Fwp%2Fv2%2Ftags&post=5267"}],"curies":[{"name":"wp","href":"https:\/\/api.w.org\/{rel}","templated":true}]}}