{"id":5272,"date":"2015-11-08T12:22:16","date_gmt":"2015-11-08T14:22:16","guid":{"rendered":"http:\/\/www.toque-musicall.com\/?p=5272"},"modified":"2015-11-09T11:31:41","modified_gmt":"2015-11-09T13:31:41","slug":"noitada-de-samba-1978","status":"publish","type":"post","link":"https:\/\/www.toque-musicall.com\/?p=5272","title":{"rendered":"Noitada De Samba (1978)"},"content":{"rendered":"<p><img loading=\"lazy\" decoding=\"async\" class=\"aligncenter\" alt=\"\" src=\"http:\/\/3.bp.blogspot.com\/-IrNUbXUyVhM\/Vj6qA6ZI4aI\/AAAAAAAAMUI\/oURe2fPa2_Q\/s640\/capap.JPG\" width=\"639\" height=\"640\" \/><img loading=\"lazy\" decoding=\"async\" class=\"aligncenter\" alt=\"\" src=\"http:\/\/3.bp.blogspot.com\/-PkwUJODz4h8\/Vj6qAwFT1-I\/AAAAAAAAMUM\/ibqRy4cWGys\/s640\/contrap.JPG\" width=\"640\" height=\"631\" \/>Boa noite, prezados amigos cultos e ocultos! Tenho hoje para voc\u00eas uma &#8216;Noitada de Samba&#8217;. Vamos hoje com um disco que certamente passou batido \u00a0para muita gente. Coisa fina, coisa rara&#8230;<br \/>\nEm 1971 nascia a ideia da Noitada de Samba, um projeto musical criado por Jorge Coutinho e Leonides Bayer. Um encontro de grandes artistas da m\u00fasica popular brasileira que aconteceu no Teatro Opini\u00e3o por mais de uma d\u00e9cada! A Noitada de Samba surgiu em plena ditadura, sendo um foco de resist\u00eancia, onde os artistas buscavam atrav\u00e9s de suas m\u00fasicas expressar seus sentimentos de oposi\u00e7\u00e3o ao regime militar. O Teatro Opini\u00e3o foi palco de um espet\u00e1culo musical de samba, do artista popular, compositor e int\u00e9rprete carioca. Um espet\u00e1culo que acontecia todas as segundas feiras. Pela noitada passaram dezenas de artistas, grandes nomes do samba como Adelzon Alvea, Ademildes Fonseca, Alcione, Aluisio Machado, Arlindo Cruz, Baianinho, Beth Carvalho, Carlos Lyra, Dona Ivone lara, Leci Brand\u00e3o, Roberto Ribeiro, Monarco, Cartola, Nelson Cavaquinho, Paulinho da Viola, Jo\u00e3o Nogueira, Martinho da Vila e tantos outros que nem d\u00e1 para listar. N\u00e3o somente os sambistas, mas artistas em geral, tinham no Teatro Opini\u00e3o im dos poucos espa\u00e7os de express\u00e3o. Foram 617 espet\u00e1culos ao longo de 13 anos. A Noitada de Samba durou at\u00e9 1984, Recentemente virou um document\u00e1rio, dirigido por Cely Leal, (preciso assistir!).<br \/>\nEste disco, um \u00e1lbum hist\u00f3rico, re\u00fane um pouco do que do que foi a Noitada de Samba, trazendo registros de Clara Nunes, Cartola, Nelson Cavaquinho, Paulinho da Viola, Odete Amaral, Xang\u00f4 da Mangueira e muitos outros. \u00c9 uma pena que seja um disco simples. Considerando o tempo que esse projeto durou, a centena de artistas que participaram e certamente as infinitas horas de grava\u00e7\u00e3o, poderiam ter gerado, no m\u00ednimo um \u00e1lbum duplo. Mas \u00e9 compreens\u00edvel, tem sempre aquela quest\u00e3o dos direitos autorais, contratos de exclusividade e tantos outros obst\u00e1culos nesse grande neg\u00f3cio que foi o mundo da m\u00fasic<a href=\"http:\/\/depositfiles.com\/files\/pez8q8e4k\" target=\"_blank\">a<\/a>.<\/p>\n<div style=\"text-align: center;\">seca do nordeste &#8211; clara nunes<\/div>\n<div style=\"text-align: center;\">tom maior &#8211; conjunto nosso samba<\/div>\n<div style=\"text-align: center;\">em cada canto uma esperan\u00e7a &#8211; dona ivone lara<\/div>\n<div style=\"text-align: center;\">tempos idos &#8211; odete amaral e cartola<\/div>\n<div style=\"text-align: center;\">ao amanhecer &#8211; cartola<\/div>\n<div style=\"text-align: center;\">estrela de madureira &#8211; roberto ribeiro<\/div>\n<div style=\"text-align: center;\">folhas ca\u00eddas &#8211; odete amaral<\/div>\n<div style=\"text-align: center;\">eu e as flores &#8211; nelson cavaquinho<\/div>\n<div style=\"text-align: center;\">jurar com l\u00e1grimas &#8211; paulinho da viola<\/div>\n<div style=\"text-align: center;\">moro na ro\u00e7a &#8211; clementina de jesus<\/div>\n<div style=\"text-align: center;\">meu canto de paz &#8211; jo\u00e3o nogueira<\/div>\n<div style=\"text-align: center;\">verdade aparente &#8211; gisa nogueira<\/div>\n<div style=\"text-align: center;\">ah, se ela voltasse &#8211; baianinho<\/div>\n<div style=\"text-align: center;\">isso n\u00e3o s\u00e3o horas &#8211; xang\u00f4 de mangueira<\/div>\n<div style=\"text-align: center;\"><\/div>\n<div style=\"text-align: center;\">.<\/div>\n<p>&nbsp;<\/p>\n","protected":false},"excerpt":{"rendered":"<p>Boa noite, prezados amigos cultos e ocultos! Tenho hoje para voc\u00eas uma &#8216;Noitada de Samba&#8217;. Vamos hoje com um disco que certamente passou batido \u00a0para muita gente. Coisa fina, coisa rara&#8230; Em 1971 nascia a ideia da Noitada de Samba, &hellip; <a href=\"https:\/\/www.toque-musicall.com\/?p=5272\">Continue lendo <span class=\"meta-nav\">&rarr;<\/span><\/a><\/p>\n","protected":false},"author":1,"featured_media":0,"comment_status":"open","ping_status":"closed","sticky":false,"template":"","format":"standard","meta":{"footnotes":""},"categories":[1471,896,531,59,1089,705,704,1733,1265,542,898,244],"tags":[],"class_list":["post-5272","post","type-post","status-publish","format-standard","hentry","category-cartola","category-clara-nunes","category-clementina-de-jesus","category-conjunto-nosso-samba","category-dona-ivone-lara","category-joao-nogueira","category-nelson-cavaquinho","category-odete-amaral","category-odette-amaral","category-paulinho-da-viola","category-roberto-ribeiro","category-selo-emi-odeon"],"_links":{"self":[{"href":"https:\/\/www.toque-musicall.com\/index.php?rest_route=\/wp\/v2\/posts\/5272","targetHints":{"allow":["GET"]}}],"collection":[{"href":"https:\/\/www.toque-musicall.com\/index.php?rest_route=\/wp\/v2\/posts"}],"about":[{"href":"https:\/\/www.toque-musicall.com\/index.php?rest_route=\/wp\/v2\/types\/post"}],"author":[{"embeddable":true,"href":"https:\/\/www.toque-musicall.com\/index.php?rest_route=\/wp\/v2\/users\/1"}],"replies":[{"embeddable":true,"href":"https:\/\/www.toque-musicall.com\/index.php?rest_route=%2Fwp%2Fv2%2Fcomments&post=5272"}],"version-history":[{"count":2,"href":"https:\/\/www.toque-musicall.com\/index.php?rest_route=\/wp\/v2\/posts\/5272\/revisions"}],"predecessor-version":[{"id":5274,"href":"https:\/\/www.toque-musicall.com\/index.php?rest_route=\/wp\/v2\/posts\/5272\/revisions\/5274"}],"wp:attachment":[{"href":"https:\/\/www.toque-musicall.com\/index.php?rest_route=%2Fwp%2Fv2%2Fmedia&parent=5272"}],"wp:term":[{"taxonomy":"category","embeddable":true,"href":"https:\/\/www.toque-musicall.com\/index.php?rest_route=%2Fwp%2Fv2%2Fcategories&post=5272"},{"taxonomy":"post_tag","embeddable":true,"href":"https:\/\/www.toque-musicall.com\/index.php?rest_route=%2Fwp%2Fv2%2Ftags&post=5272"}],"curies":[{"name":"wp","href":"https:\/\/api.w.org\/{rel}","templated":true}]}}