{"id":5283,"date":"2015-11-15T18:34:37","date_gmt":"2015-11-15T20:34:37","guid":{"rendered":"http:\/\/www.toque-musicall.com\/?p=5283"},"modified":"2015-11-18T18:40:18","modified_gmt":"2015-11-18T20:40:18","slug":"compactos-deny-e-dino-1973-guris-e-marcio-lott-1978-marcos-moran-1967-mauricio-duboc-1979","status":"publish","type":"post","link":"https:\/\/www.toque-musicall.com\/?p=5283","title":{"rendered":"Compactos &#8211; Deny e Dino (1973) &#8211; Guris E Marcio Lott (1978) &#8211; Marcos Moran (1967) &#8211; Mauricio Duboc (1979)"},"content":{"rendered":"<p><img loading=\"lazy\" decoding=\"async\" class=\"aligncenter\" src=\"http:\/\/1.bp.blogspot.com\/-6wYTqWKcNeE\/Vkp0uuUcQCI\/AAAAAAAAMVg\/vyoIXm-MhlI\/s640\/capa.jpg\" alt=\"\" width=\"640\" height=\"640\" \/><img loading=\"lazy\" decoding=\"async\" class=\"aligncenter\" src=\"http:\/\/1.bp.blogspot.com\/-l6vPunbpmJQ\/Vkp0vad5Z-I\/AAAAAAAAMVk\/vOHMX6FQX3E\/s640\/contra.jpg\" alt=\"\" width=\"640\" height=\"640\" \/><\/p>\n<p>O Toque Musical oferece hoje a seus amigos cultos, ocultos e associados mais uma leva de compactos simples, esses verdadeiros tesouros de sete polegadas. Os singles aqui reunidos foram lan\u00e7ados entre 1968 e 1979. O mais antigo \u00e9 o do cantor Marcos Moran, lan\u00e7ado pela Caravelle em 1968. No lado A, temos \u201cA viagem\u201d, composi\u00e7\u00e3o de Jo\u00e3o Roberto Kelly, e, no verso, \u201cBai bai\u201d, de Carlos Imperial e Jorge Roberto. Com onze compactos simples, um duplo, tr\u00eas LPs e um CD como cantor-solo, Moran tamb\u00e9m participou de \u00e1lbuns coletivos, sobretudo de sambas-enredos das escolas cariocas para o carnaval. Tanto que um deles, \u201cSonho de um sonho\u201d, da Unidos de Vila Isabel, lan\u00e7ado para a folia de 1980, \u00e9 at\u00e9 hoje obrigat\u00f3rio nos shows do cantor. Formada por Jos\u00e9 Rodrigues da Silva e D\u00e9cio Scarpelli, ambos paulistas de Santos, a dupla Deny e Dino explodiu no cen\u00e1rio musical brasileiro nos tempos da Jovem Guarda, lan\u00e7ando hits do porte de \u201cCoruja\u201d, \u201cO ci\u00fame\u201d, \u201cEu s\u00f3 quero ver\u201d, \u201cEu n\u00e3o me importo\u201d e \u201cMeu pranto a deslizar<a href=\"https:\/\/www.blogger.com\/null\" name=\"_GoBack\"><\/a>\u201d. Gravaram mais de 30 compactos e dez LPs, ganhando v\u00e1rios discos de ouro e trof\u00e9us como Chico Viola e Roquete Pinto. Suas m\u00fasicas tamb\u00e9m foram bastante executadas em pa\u00edses da Am\u00e9rica Latina. Aqui, um single da Top Tape, lan\u00e7ado em 1973, apresentando no lado A \u201cCantem comigo\u201d, uma composi\u00e7\u00e3o deles pr\u00f3prios que teve boa aceita\u00e7\u00e3o na \u00e9poca. No verso, saiu \u201cVoc\u00ea precisa se acostumar\u201d, de Mickael (produtor desse disco) e D\u00e9cio Eduardo. Com a morte do Dino original, D\u00e9cio Scarpelli, em 1994, Deny passou a cantar com outro parceiro, Elliot de Souza Reis, que tamb\u00e9m assumiu o cognome Dino. Em seguida temos um curioso single da Som Livre, lan\u00e7ado em 1978. De um lado, o grupo Guris interpreta a c\u00e9lebre can\u00e7\u00e3o de fim de ano da Rede Globo de Televis\u00e3o, \u201cUm novo tempo\u201d, composta em 1971 por N\u00e9lson Motta e pelos irm\u00e3os Marcos e Paulo S\u00e9rgio Valle, cuja grava\u00e7\u00e3o original foi feita naquele ano pelo elenco de artistas globais da \u00e9poca. No verso, o cantor M\u00e1rcio Lott (Belo Horizonte, MG, 1940) interpreta um grande hit de Roberto Carlos nesse tempo, \u201cOutra vez\u201d, de Isolda. Esta grava\u00e7\u00e3o foi, inclusive, tema da novela global \u201cDancin\u2019 days\u201d, de Gilberto Braga, e s\u00f3 foi lan\u00e7ada depois do LP com a trilha sonora nacional da mesma.\u00a0 M\u00e1rcio participou de v\u00e1rias dessas trilhas, e, em 2003, fundou o grupo vocal N\u00f3s Quatro, ao lado de C\u00e9lia Vaz, Fabyola Sendino e Ana Zinger, depois substitu\u00edda por Clarisse Grova. Autor de v\u00e1rias composi\u00e7\u00f5es de sucesso, muitas em parceria com Carlos Colla e quinze delas gravadas por Roberto Carlos, Maur\u00edcio Duboc\u00a0 tamb\u00e9m gravou como int\u00e9rprete. Aqui, um single que lan\u00e7ou em 1979, pela EMI-Odeon. No lado A, uma regrava\u00e7\u00e3o de \u201cPai\u201d, de F\u00e1bio J\u00fanior, ent\u00e3o sucesso na voz do autor. A faixa apareceu depois no LP-colet\u00e2nea \u201cMeu velho (Pra voc\u00ea, meu pai)\u201d. No lado B, de sua parceria com Carlos Colla, \u201cSenta a\u00ed\u201d, tamb\u00e9m no g\u00eanero rom\u00e2ntico. Maur\u00edcio tamb\u00e9m participou das trilhas das novelas \u201cO todo poderoso\u201d, da Bandeirantes (1980), e \u201cDespedida de solteiro\u201d, da Globo (1992), al\u00e9m do festival MPB-80 (em que apresentou \u201cT\u00e3o minha, t\u00e3o mulher\u201d) e do \u00e1lbum comemorativo dos 60 anos de carreira do compositor Sivan Castelo Neto (1984). Enfim, mais quatro raridades para a del\u00edcia de voc\u00eas que tanto prestigiam o TM. Aproveitem&#8230;<\/p>\n<p>*Texto de Samuel Machado Filho<\/p>\n<div style=\"text-align: center;\">pai &#8211; maur\u00edcio duboc<\/div>\n<div style=\"text-align: center;\">senta a\u00ed &#8211; maur\u00edcio duboc<\/div>\n<div style=\"text-align: center;\">a viagem &#8211; marcos moran<\/div>\n<div style=\"text-align: center;\">bai bai &#8211; marcos moran<\/div>\n<div style=\"text-align: center;\">um novo tempo &#8211; guris<\/div>\n<div style=\"text-align: center;\">outra vez &#8211; marcio lott<\/div>\n<div style=\"text-align: center;\">cantem comigo &#8211; deny &amp; dino<\/div>\n<div style=\"text-align: center;\">voc\u00ea precisa se acostumar &#8211; deny &amp; dino<\/div>\n<div style=\"text-align: center;\"><\/div>\n<div style=\"text-align: center;\">.<\/div>\n","protected":false},"excerpt":{"rendered":"<p>O Toque Musical oferece hoje a seus amigos cultos, ocultos e associados mais uma leva de compactos simples, esses verdadeiros tesouros de sete polegadas. Os singles aqui reunidos foram lan\u00e7ados entre 1968 e 1979. O mais antigo \u00e9 o do &hellip; <a href=\"https:\/\/www.toque-musicall.com\/?p=5283\">Continue lendo <span class=\"meta-nav\">&rarr;<\/span><\/a><\/p>\n","protected":false},"author":1,"featured_media":0,"comment_status":"open","ping_status":"closed","sticky":false,"template":"","format":"standard","meta":{"footnotes":""},"categories":[2618,1048,1721,2491,244,66,193],"tags":[],"class_list":["post-5283","post","type-post","status-publish","format-standard","hentry","category-deny-dino","category-marcio-lott","category-marcos-moran","category-selo-caravelle","category-selo-emi-odeon","category-selo-som-livre","category-selo-top-tape"],"_links":{"self":[{"href":"https:\/\/www.toque-musicall.com\/index.php?rest_route=\/wp\/v2\/posts\/5283","targetHints":{"allow":["GET"]}}],"collection":[{"href":"https:\/\/www.toque-musicall.com\/index.php?rest_route=\/wp\/v2\/posts"}],"about":[{"href":"https:\/\/www.toque-musicall.com\/index.php?rest_route=\/wp\/v2\/types\/post"}],"author":[{"embeddable":true,"href":"https:\/\/www.toque-musicall.com\/index.php?rest_route=\/wp\/v2\/users\/1"}],"replies":[{"embeddable":true,"href":"https:\/\/www.toque-musicall.com\/index.php?rest_route=%2Fwp%2Fv2%2Fcomments&post=5283"}],"version-history":[{"count":1,"href":"https:\/\/www.toque-musicall.com\/index.php?rest_route=\/wp\/v2\/posts\/5283\/revisions"}],"predecessor-version":[{"id":5284,"href":"https:\/\/www.toque-musicall.com\/index.php?rest_route=\/wp\/v2\/posts\/5283\/revisions\/5284"}],"wp:attachment":[{"href":"https:\/\/www.toque-musicall.com\/index.php?rest_route=%2Fwp%2Fv2%2Fmedia&parent=5283"}],"wp:term":[{"taxonomy":"category","embeddable":true,"href":"https:\/\/www.toque-musicall.com\/index.php?rest_route=%2Fwp%2Fv2%2Fcategories&post=5283"},{"taxonomy":"post_tag","embeddable":true,"href":"https:\/\/www.toque-musicall.com\/index.php?rest_route=%2Fwp%2Fv2%2Ftags&post=5283"}],"curies":[{"name":"wp","href":"https:\/\/api.w.org\/{rel}","templated":true}]}}