{"id":5285,"date":"2015-11-16T23:20:21","date_gmt":"2015-11-17T01:20:21","guid":{"rendered":"http:\/\/www.toque-musicall.com\/?p=5285"},"modified":"2015-11-18T23:27:14","modified_gmt":"2015-11-19T01:27:14","slug":"abilio-manoel-america-morena-1976","status":"publish","type":"post","link":"https:\/\/www.toque-musicall.com\/?p=5285","title":{"rendered":"Abilio Manoel &#8211; Am\u00e9rica Morena (1976)"},"content":{"rendered":"<p><img loading=\"lazy\" decoding=\"async\" class=\"aligncenter\" src=\"http:\/\/1.bp.blogspot.com\/-KFIAqAfjnp8\/Vk0crpK4bYI\/AAAAAAAAMWI\/qVhO2Z4nKhE\/s640\/capap.JPG\" alt=\"\" width=\"640\" height=\"636\" \/><img loading=\"lazy\" decoding=\"async\" class=\"aligncenter\" src=\"http:\/\/2.bp.blogspot.com\/-Z4MmjtWi0s0\/Vk0crvj0vRI\/AAAAAAAAMWM\/xIQswJ5dfyM\/s640\/contrap.JPG\" alt=\"\" width=\"633\" height=\"640\" \/><\/p>\n<p>Boa noite, amigos cultos e ocultos! Finalmente eu consegui corrigir um erro aqui no TM que h\u00e1 tempos tem nos impedido a comunica\u00e7\u00e3o, atrav\u00e9s da se\u00e7\u00e3o de coment\u00e1rios. Agora, quem quiser, j\u00e1 pode voltar a tecer seus coment\u00e1rios nas postagens. S\u00f3 n\u00e3o vale pedir novos links para velhas postagens, pois nem sempre eu vou poder ajudar, ok?<br \/>\nTemos para hoje o luso-brasileiro Ab\u00edlio Manoel, um grande, por\u00e9m subestimado compositor, que infelizmente nos deixou h\u00e1 alguns anos atr\u00e1s. Eu j\u00e1 postei aqui seu lp de 1968 e tamb\u00e9m um compacto. Desta vez, vamos com este \u00e1lbum de capa dupla, lan\u00e7ado em 1976 pelo selo Som Livre. &#8220;Am\u00e9rica Morena&#8221; foi seu quinto lp e como o pr\u00f3prio nome j\u00e1 sugere, as composi\u00e7\u00f5es aqui falam de coisas da Am\u00e9rica Latina, S\u00e3o m\u00fasicas, em sua maioria, composi\u00e7\u00f5es pr\u00f3prias e\/ou parcerias, al\u00e9m de temas tradicionais do folk latino americano. Um disco muito bom. Eu recomend<a href=\"http:\/\/depositfiles.com\/files\/ki3atu1g0\" target=\"_blank\">o<\/a>!<\/p>\n<div style=\"text-align: center;\">am\u00e9rica morena<\/div>\n<div style=\"text-align: center;\">menino de olinda<\/div>\n<div style=\"text-align: center;\">o fado e o cravo de abril<\/div>\n<div style=\"text-align: center;\">arca de no\u00e9<\/div>\n<div style=\"text-align: center;\">voz passiva<\/div>\n<div style=\"text-align: center;\">terra livre<\/div>\n<div style=\"text-align: center;\">o circo vem a\u00ed<\/div>\n<div style=\"text-align: center;\">amigo hermano<\/div>\n<div style=\"text-align: center;\">tchica<\/div>\n<div style=\"text-align: center;\">dan\u00e7a do sol<\/div>\n<div style=\"text-align: center;\">folclore latino americano &#8211; \u00edndios alegres<\/div>\n<div style=\"text-align: center;\">folclore latino americano &#8211; andina<\/div>\n<div style=\"text-align: center;\"><\/div>\n<div style=\"text-align: center;\">.<\/div>\n","protected":false},"excerpt":{"rendered":"<p>Boa noite, amigos cultos e ocultos! Finalmente eu consegui corrigir um erro aqui no TM que h\u00e1 tempos tem nos impedido a comunica\u00e7\u00e3o, atrav\u00e9s da se\u00e7\u00e3o de coment\u00e1rios. Agora, quem quiser, j\u00e1 pode voltar a tecer seus coment\u00e1rios nas postagens. &hellip; <a href=\"https:\/\/www.toque-musicall.com\/?p=5285\">Continue lendo <span class=\"meta-nav\">&rarr;<\/span><\/a><\/p>\n","protected":false},"author":1,"featured_media":0,"comment_status":"open","ping_status":"closed","sticky":false,"template":"","format":"standard","meta":{"footnotes":""},"categories":[785,66],"tags":[],"class_list":["post-5285","post","type-post","status-publish","format-standard","hentry","category-abilio-manoel","category-selo-som-livre"],"_links":{"self":[{"href":"https:\/\/www.toque-musicall.com\/index.php?rest_route=\/wp\/v2\/posts\/5285","targetHints":{"allow":["GET"]}}],"collection":[{"href":"https:\/\/www.toque-musicall.com\/index.php?rest_route=\/wp\/v2\/posts"}],"about":[{"href":"https:\/\/www.toque-musicall.com\/index.php?rest_route=\/wp\/v2\/types\/post"}],"author":[{"embeddable":true,"href":"https:\/\/www.toque-musicall.com\/index.php?rest_route=\/wp\/v2\/users\/1"}],"replies":[{"embeddable":true,"href":"https:\/\/www.toque-musicall.com\/index.php?rest_route=%2Fwp%2Fv2%2Fcomments&post=5285"}],"version-history":[{"count":1,"href":"https:\/\/www.toque-musicall.com\/index.php?rest_route=\/wp\/v2\/posts\/5285\/revisions"}],"predecessor-version":[{"id":5286,"href":"https:\/\/www.toque-musicall.com\/index.php?rest_route=\/wp\/v2\/posts\/5285\/revisions\/5286"}],"wp:attachment":[{"href":"https:\/\/www.toque-musicall.com\/index.php?rest_route=%2Fwp%2Fv2%2Fmedia&parent=5285"}],"wp:term":[{"taxonomy":"category","embeddable":true,"href":"https:\/\/www.toque-musicall.com\/index.php?rest_route=%2Fwp%2Fv2%2Fcategories&post=5285"},{"taxonomy":"post_tag","embeddable":true,"href":"https:\/\/www.toque-musicall.com\/index.php?rest_route=%2Fwp%2Fv2%2Ftags&post=5285"}],"curies":[{"name":"wp","href":"https:\/\/api.w.org\/{rel}","templated":true}]}}