{"id":5289,"date":"2015-11-21T09:36:55","date_gmt":"2015-11-21T11:36:55","guid":{"rendered":"http:\/\/www.toque-musicall.com\/?p=5289"},"modified":"2015-11-21T09:41:54","modified_gmt":"2015-11-21T11:41:54","slug":"cyro-monteiro-meu-samba-minha-vida-1969","status":"publish","type":"post","link":"https:\/\/www.toque-musicall.com\/?p=5289","title":{"rendered":"Cyro Monteiro &#8211; Meu Samba Minha Vida (1969)"},"content":{"rendered":"<p><img loading=\"lazy\" decoding=\"async\" class=\"aligncenter\" src=\"http:\/\/2.bp.blogspot.com\/-c9D2-qfSKGY\/VlBPAXwwLDI\/AAAAAAAAMXA\/brdvqmmVpjE\/s640\/capap.JPG\" alt=\"\" width=\"639\" height=\"640\" \/><img loading=\"lazy\" decoding=\"async\" class=\"aligncenter\" src=\"http:\/\/3.bp.blogspot.com\/-SUPExkaRRqY\/VlBPBOVpC1I\/AAAAAAAAMXI\/X-1FXvYMRG4\/s640\/contra%2Bp.JPG\" alt=\"\" width=\"634\" height=\"640\" \/><\/p>\n<p>Bom dia, meus prezados amigos cultos e ocultos! Enquanto espero o caf\u00e9, aproveito para ir logo fazendo esta postagem, pois se n\u00e3o o fizer agora, n\u00e3o sei se terei tempo depois. Trago hoje para voc\u00eas o grande Cyro Monteiro, figura que aqui j\u00e1 dispensa maiores coment\u00e1rios. Temos aqui um dos seus lps, lan\u00e7ado em 1969, &#8220;Meu samba, minha vida&#8221;. este disco, conforme nos informa Ismael Corr\u00eaa no texto de contracapa, foi produzido em dois momentos e possivelmente teria sa\u00eddo um ano antes. Infelizmente, na \u00e9poca (1968) faleceu o regente e orquestrado do disco, o fenomenal trombonista Astor Silva, deixando as grava\u00e7\u00f5es pela metade. O disco at\u00e9 ent\u00e3o contava, al\u00e9m do pr\u00f3prio Astor na dire\u00e7\u00e3o musical e trombone, com Canhoto e seu regional, Orlando Silveira e um bom grupo de ritmistas. Ao ser retomado, no ano seguinte, Cyro Monteiro contou com a participa\u00e7\u00e3o tamb\u00e9m de Chiquinho do Acordeon e o c\u00f4ro da turma do Joab, mantendo assim a mesma &#8216;viber&#8217; do in\u00edcio.<br \/>\nNo repert\u00f3rio temos doze sambas na medida do int\u00e9rprete, incluindo entre esses duas composi\u00e7\u00f5es de sua autoria. Disco bacana, confiram a<a href=\"http:\/\/depositfiles.com\/files\/tew6ga0ef\" target=\"_blank\">\u00ed&#8230;<\/a><\/p>\n<div style=\"text-align: center;\">saquinho de dinheiro<\/div>\n<div style=\"text-align: center;\">tristezas n\u00e3o pagam d\u00edvidas<\/div>\n<div style=\"text-align: center;\">decis\u00e3o<\/div>\n<div style=\"text-align: center;\">saudade dela<\/div>\n<div style=\"text-align: center;\">moreninha boa<\/div>\n<div style=\"text-align: center;\">regra do sei l\u00e1<\/div>\n<div style=\"text-align: center;\">deus me perdoe<\/div>\n<div style=\"text-align: center;\">s\u00e3o paulo<\/div>\n<div style=\"text-align: center;\">cara ou cor\u00f4a<\/div>\n<div style=\"text-align: center;\">rosa mandou<\/div>\n<div style=\"text-align: center;\">jambete<\/div>\n<div style=\"text-align: center;\">como a vida \u00e9<\/div>\n<div style=\"text-align: center;\"><\/div>\n<div style=\"text-align: center;\">.<\/div>\n","protected":false},"excerpt":{"rendered":"<p>Bom dia, meus prezados amigos cultos e ocultos! Enquanto espero o caf\u00e9, aproveito para ir logo fazendo esta postagem, pois se n\u00e3o o fizer agora, n\u00e3o sei se terei tempo depois. Trago hoje para voc\u00eas o grande Cyro Monteiro, figura &hellip; <a href=\"https:\/\/www.toque-musicall.com\/?p=5289\">Continue lendo <span class=\"meta-nav\">&rarr;<\/span><\/a><\/p>\n","protected":false},"author":1,"featured_media":0,"comment_status":"open","ping_status":"closed","sticky":false,"template":"","format":"standard","meta":{"footnotes":""},"categories":[226,152],"tags":[],"class_list":["post-5289","post","type-post","status-publish","format-standard","hentry","category-cyro-monteiro","category-selo-copacabana"],"_links":{"self":[{"href":"https:\/\/www.toque-musicall.com\/index.php?rest_route=\/wp\/v2\/posts\/5289","targetHints":{"allow":["GET"]}}],"collection":[{"href":"https:\/\/www.toque-musicall.com\/index.php?rest_route=\/wp\/v2\/posts"}],"about":[{"href":"https:\/\/www.toque-musicall.com\/index.php?rest_route=\/wp\/v2\/types\/post"}],"author":[{"embeddable":true,"href":"https:\/\/www.toque-musicall.com\/index.php?rest_route=\/wp\/v2\/users\/1"}],"replies":[{"embeddable":true,"href":"https:\/\/www.toque-musicall.com\/index.php?rest_route=%2Fwp%2Fv2%2Fcomments&post=5289"}],"version-history":[{"count":1,"href":"https:\/\/www.toque-musicall.com\/index.php?rest_route=\/wp\/v2\/posts\/5289\/revisions"}],"predecessor-version":[{"id":5290,"href":"https:\/\/www.toque-musicall.com\/index.php?rest_route=\/wp\/v2\/posts\/5289\/revisions\/5290"}],"wp:attachment":[{"href":"https:\/\/www.toque-musicall.com\/index.php?rest_route=%2Fwp%2Fv2%2Fmedia&parent=5289"}],"wp:term":[{"taxonomy":"category","embeddable":true,"href":"https:\/\/www.toque-musicall.com\/index.php?rest_route=%2Fwp%2Fv2%2Fcategories&post=5289"},{"taxonomy":"post_tag","embeddable":true,"href":"https:\/\/www.toque-musicall.com\/index.php?rest_route=%2Fwp%2Fv2%2Ftags&post=5289"}],"curies":[{"name":"wp","href":"https:\/\/api.w.org\/{rel}","templated":true}]}}