{"id":529,"date":"2011-03-09T11:52:00","date_gmt":"2011-03-09T11:52:00","guid":{"rendered":"http:\/\/www.toque-musicall.com\/?p=529"},"modified":"2011-03-09T11:52:00","modified_gmt":"2011-03-09T11:52:00","slug":"noite-ilustrada-depois-do-carnaval","status":"publish","type":"post","link":"https:\/\/www.toque-musicall.com\/?p=529","title":{"rendered":"Noite Ilustrada &#8211; Depois Do Carnaval"},"content":{"rendered":"<p><a href=\"http:\/\/2.bp.blogspot.com\/-_cawSvsDN5A\/TXeMr3BF_CI\/AAAAAAAAHyc\/jojpL1i6QY4\/s1600\/noite+ilustrada+P.JPG\"><img decoding=\"async\" style=\"TEXT-ALIGN: center; MARGIN: 0px auto 10px; WIDTH: 391px; DISPLAY: block; HEIGHT: 400px; CURSOR: hand\" id=\"BLOGGER_PHOTO_ID_5582084948279819298\" border=\"0\" alt=\"\" src=\"http:\/\/2.bp.blogspot.com\/-_cawSvsDN5A\/TXeMr3BF_CI\/AAAAAAAAHyc\/jojpL1i6QY4\/s400\/noite+ilustrada+P.JPG\" \/><\/a> Bom dia, amigos cultos e ocultos! Depois do Carnaval, a gente ainda continua no embalo, afinal o Toque Musical n\u00e3o pode parar. A festa passou, mas a boa m\u00fasica continua passando. E vamos a ela! O \u00e1lbum de hoje finaliza a nossa celebra\u00e7\u00e3o ao Carnaval. Passados os quatro dias de folia, voltamos \u00e0 realidade. &#8220;Depois do Carnaval&#8221; veio em boa hora. Um \u00e1lbum bem apropriado para essa data, enviado pelo amigo Eduardo. Ta\u00ed um disco do Noite Ilustrada que eu ainda n\u00e3o conhecia e possivelmente muitos de voc\u00eas tamb\u00e9m n\u00e3o. In\u00e9dito em blogs, \u00e9 mais uma raridade de primiera m\u00e3o que voc\u00eas poder\u00e3o conferir no Toque Musical.<br \/>Temos aqui doze sambas bacanas, entre composi\u00e7\u00f5es autorais e de outros, com destaque para &#8220;Trope\u00e7ando na idade&#8221;, de sua autoria; \u201cPedra 90\u201d, de Dora Lopes e Linda Rodrigues; &#8220;Capela de S\u00e3o Jos\u00e9&#8221;, de Herivelto Martins e a m\u00fasica que d\u00e1 t\u00edtulo ao disco, &#8220;Depois do carnaval&#8221;, de Jorge Costa e Paulo Roberto. Um bom disco, eu garanto! \ud83d\ude42<\/p>\n<div align=\"center\">rio, n\u00e3o \u00e9s crian\u00e7a<\/div>\n<div align=\"center\">trope\u00e7ando na idade<\/div>\n<div align=\"center\">pra que lembran\u00e7as<\/div>\n<div align=\"center\">conselho de amigo<\/div>\n<div align=\"center\">capela de s\u00e3o jos\u00e9<\/div>\n<div align=\"center\">depois do carnaval<\/div>\n<div align=\"center\">realidade da vida<\/div>\n<div align=\"center\">pedra noventa<\/div>\n<div align=\"center\">preconceito<\/div>\n<div align=\"center\">ora\u00e7\u00e3o do morro<\/div>\n<div align=\"center\">esteve aqui<\/div>\n<div align=\"center\">minha cidade<\/div>\n<div align=\"center\"><\/div>\n<div align=\"center\"><\/div>\n","protected":false},"excerpt":{"rendered":"<p>Bom dia, amigos cultos e ocultos! Depois do Carnaval, a gente ainda continua no embalo, afinal o Toque Musical n\u00e3o pode parar. A festa passou, mas a boa m\u00fasica continua passando. E vamos a ela! O \u00e1lbum de hoje finaliza &hellip; <a href=\"https:\/\/www.toque-musicall.com\/?p=529\">Continue lendo <span class=\"meta-nav\">&rarr;<\/span><\/a><\/p>\n","protected":false},"author":1,"featured_media":0,"comment_status":"open","ping_status":"closed","sticky":false,"template":"","format":"standard","meta":{"footnotes":""},"categories":[194],"tags":[],"class_list":["post-529","post","type-post","status-publish","format-standard","hentry","category-noite-ilustrada"],"_links":{"self":[{"href":"https:\/\/www.toque-musicall.com\/index.php?rest_route=\/wp\/v2\/posts\/529","targetHints":{"allow":["GET"]}}],"collection":[{"href":"https:\/\/www.toque-musicall.com\/index.php?rest_route=\/wp\/v2\/posts"}],"about":[{"href":"https:\/\/www.toque-musicall.com\/index.php?rest_route=\/wp\/v2\/types\/post"}],"author":[{"embeddable":true,"href":"https:\/\/www.toque-musicall.com\/index.php?rest_route=\/wp\/v2\/users\/1"}],"replies":[{"embeddable":true,"href":"https:\/\/www.toque-musicall.com\/index.php?rest_route=%2Fwp%2Fv2%2Fcomments&post=529"}],"version-history":[{"count":0,"href":"https:\/\/www.toque-musicall.com\/index.php?rest_route=\/wp\/v2\/posts\/529\/revisions"}],"wp:attachment":[{"href":"https:\/\/www.toque-musicall.com\/index.php?rest_route=%2Fwp%2Fv2%2Fmedia&parent=529"}],"wp:term":[{"taxonomy":"category","embeddable":true,"href":"https:\/\/www.toque-musicall.com\/index.php?rest_route=%2Fwp%2Fv2%2Fcategories&post=529"},{"taxonomy":"post_tag","embeddable":true,"href":"https:\/\/www.toque-musicall.com\/index.php?rest_route=%2Fwp%2Fv2%2Ftags&post=529"}],"curies":[{"name":"wp","href":"https:\/\/api.w.org\/{rel}","templated":true}]}}