{"id":5293,"date":"2015-11-22T22:29:08","date_gmt":"2015-11-23T00:29:08","guid":{"rendered":"http:\/\/www.toque-musicall.com\/?p=5293"},"modified":"2015-11-23T00:23:24","modified_gmt":"2015-11-23T02:23:24","slug":"rascunho-automatico","status":"publish","type":"post","link":"https:\/\/www.toque-musicall.com\/?p=5293","title":{"rendered":"Wanderley Cardoso (1972)"},"content":{"rendered":"<p><img loading=\"lazy\" decoding=\"async\" class=\"aligncenter\" src=\"http:\/\/1.bp.blogspot.com\/-XBixeA6AZCk\/VlJcEA0_N8I\/AAAAAAAAMXc\/3Lgtf-vUHgw\/s640\/capa%2Bwc%2Bp.JPG\" alt=\"\" width=\"636\" height=\"640\" \/><img loading=\"lazy\" decoding=\"async\" class=\"aligncenter\" src=\"http:\/\/1.bp.blogspot.com\/-lEyP3eiyuAg\/VlJcEybm6XI\/AAAAAAAAMXg\/PNYcXhjKsKE\/s640\/capa%2Bwc%2B%25282%2529p.JPG\" alt=\"\" width=\"639\" height=\"640\" \/><\/p>\n<p>Hoje, o Toque Musical tem a satisfa\u00e7\u00e3o de oferecer a seus amigos cultos, ocultos e associados mais um \u00e1lbum gravado por Wanderley Cardoso.\u00a0 Desta vez, \u00e9 o LP que ele gravou em 1972, sem t\u00edtulo, pela Copacabana, marca onde se consagrou e fez a maior parte de seus trabalhos em disco, muitos deles bem-sucedidos, como este. Mesmo com o t\u00e9rmino da Jovem Guarda, em 1968, Wanderley Cardoso conseguiu se manter num patamar de grande popularidade, sendo cadeira cativa em praticamente todos os programas de audit\u00f3rio da televis\u00e3o nos anos 1970\/80 (S\u00edlvio Santos, Bolinha, Chacrinha, Raul Gil, \u201cAlmo\u00e7o com as estrelas\u201d, \u201cClube dos Artistas\u201d&#8230;), al\u00e9m de ser maci\u00e7amente executado em programas das r\u00e1dios populares de AM (o FM ainda engatinhava no Brasil).\u00a0 E ele estava em plena forma quando gravou o \u00e1lbum que o TM apresenta hoje. \u00a0Com produ\u00e7\u00e3o e sele\u00e7\u00e3o musical de Reynaldo Rayol (irm\u00e3o de Agnaldo Rayol), e a supervis\u00e3o de outro \u201ccobra\u201d, L\u00e9o Peracchi,\u00a0 este trabalho foi gravado em S\u00e3o Paulo, nos Est\u00fadios Reunidos, que ficavam no Edif\u00edcio Casper L\u00edbero, na Avenida Paulista.\u00a0 Abrindo o disco, uma composi\u00e7\u00e3o de Jos\u00e9 Augusto, \u201cQuem nega a luz na sombra vai morrer\u201d, mais tarde regravada pelo pr\u00f3prio autor, que\u00a0 ainda \u00e9 respons\u00e1vel por outras duas faixas, \u201cA sombra do passado\u201d e \u201cQuero ver um rosto amigo\u201d. Outro compositor de prest\u00edgio, Nen\u00e9o, assina\u00a0 \u201cE vou dizer adeus mais uma vez\u201d e \u201cChove solid\u00e3o dentro de mim\u201d. O lado compositor de \u201cWandeco\u201d \u00e9 mostrado em \u201cVai embora\u201d e \u201cMinha musa\u201d,\u00a0 parcerias dele com Beto.\u00a0 O produtor, Reynaldo Rayol, assina em parceria com Rossini Pinto, f\u00e9rtil compositor e versionista da Jovem Guarda,\u00a0 \u201cMeu erro\u201d. \u00a0Rossini ainda \u00e9 respons\u00e1vel pelos dois maiores sucessos desse \u00e1lbum de Wanderley Cardoso, \u201cVem ficar comigo\u201d (parceria com Ant\u00f4nio Carlos) e a vers\u00e3o \u201cFale baixinho (Speak softly love)\u201d, tema principal do filme norte-americano \u201cO poderoso chef\u00e3o (The godfather)\u201d, de Francis Ford Coppola, estrelado por Marlon Brando e grande \u00eaxito de bilheteria na \u00e9poca. Roberto Corr\u00eaa (dos Golden Boys) e Jon Lemos contribu\u00edram com a m\u00fasica \u201cHaja o que houver\u201d, e, completando este trabalho, temos \u201cEnquanto houver saudade\u201d, concebida por Bebeto e Solange Corr\u00eaa.\u00a0 E a curiosidade fica por conta da presen\u00e7a do maestro Zezinho, que durante anos pertenceu ao estafe de S\u00edlvio Santos, como arranjador em quatro das doze faixas do disco, as oito restantes ficando por conta de Cl\u00e9lio de Britto Ribeiro. Tudo isso fazendo deste \u00e1lbum de Wanderley Cardoso um dos melhores por ele gravados, fazendo nos voltar a um tempo em que certamente pod\u00edamos cantar mais e melhor. Quem viveu essa \u00e9poca ter\u00e1 por certo momentos de feliz reminisc\u00eancia, e quem s\u00f3 chegou depois poder\u00e1 conhecer e tamb\u00e9m desfrutar de momentos agrad\u00e1veis. Divirtam-s<a href=\"http:\/\/depositfiles.com\/files\/grrfz7wig\" target=\"_blank\">e<\/a>!<\/p>\n<p style=\"text-align: center;\">quem nega luz na sombra vai morrer<\/p>\n<p style=\"text-align: center;\">vem ficar comigo<\/p>\n<p style=\"text-align: center;\">haja o que houver<\/p>\n<p style=\"text-align: center;\">a sombra do passado<\/p>\n<p style=\"text-align: center;\">meu erro<\/p>\n<p style=\"text-align: center;\">fale baixinho<\/p>\n<p style=\"text-align: center;\">chove solid\u00e3o dentro de mim<\/p>\n<p style=\"text-align: center;\">enquanto houver saudade<\/p>\n<p style=\"text-align: center;\">minha musa<\/p>\n<p style=\"text-align: center;\">quero ver um rosto amigo<\/p>\n<p style=\"text-align: center;\">vai embora<\/p>\n<p style=\"text-align: center;\">e vou dizer adeus mais uma vez<\/p>\n<p>* Texto de Samuel Machado Filho<\/p>\n<p>&nbsp;<\/p>\n","protected":false},"excerpt":{"rendered":"<p>Hoje, o Toque Musical tem a satisfa\u00e7\u00e3o de oferecer a seus amigos cultos, ocultos e associados mais um \u00e1lbum gravado por Wanderley Cardoso.\u00a0 Desta vez, \u00e9 o LP que ele gravou em 1972, sem t\u00edtulo, pela Copacabana, marca onde se &hellip; <a href=\"https:\/\/www.toque-musicall.com\/?p=5293\">Continue lendo <span class=\"meta-nav\">&rarr;<\/span><\/a><\/p>\n","protected":false},"author":1,"featured_media":0,"comment_status":"open","ping_status":"closed","sticky":false,"template":"","format":"standard","meta":{"footnotes":""},"categories":[152,2421],"tags":[],"class_list":["post-5293","post","type-post","status-publish","format-standard","hentry","category-selo-copacabana","category-wanderley-cardoso"],"_links":{"self":[{"href":"https:\/\/www.toque-musicall.com\/index.php?rest_route=\/wp\/v2\/posts\/5293","targetHints":{"allow":["GET"]}}],"collection":[{"href":"https:\/\/www.toque-musicall.com\/index.php?rest_route=\/wp\/v2\/posts"}],"about":[{"href":"https:\/\/www.toque-musicall.com\/index.php?rest_route=\/wp\/v2\/types\/post"}],"author":[{"embeddable":true,"href":"https:\/\/www.toque-musicall.com\/index.php?rest_route=\/wp\/v2\/users\/1"}],"replies":[{"embeddable":true,"href":"https:\/\/www.toque-musicall.com\/index.php?rest_route=%2Fwp%2Fv2%2Fcomments&post=5293"}],"version-history":[{"count":2,"href":"https:\/\/www.toque-musicall.com\/index.php?rest_route=\/wp\/v2\/posts\/5293\/revisions"}],"predecessor-version":[{"id":5295,"href":"https:\/\/www.toque-musicall.com\/index.php?rest_route=\/wp\/v2\/posts\/5293\/revisions\/5295"}],"wp:attachment":[{"href":"https:\/\/www.toque-musicall.com\/index.php?rest_route=%2Fwp%2Fv2%2Fmedia&parent=5293"}],"wp:term":[{"taxonomy":"category","embeddable":true,"href":"https:\/\/www.toque-musicall.com\/index.php?rest_route=%2Fwp%2Fv2%2Fcategories&post=5293"},{"taxonomy":"post_tag","embeddable":true,"href":"https:\/\/www.toque-musicall.com\/index.php?rest_route=%2Fwp%2Fv2%2Ftags&post=5293"}],"curies":[{"name":"wp","href":"https:\/\/api.w.org\/{rel}","templated":true}]}}