{"id":5300,"date":"2015-11-27T13:50:10","date_gmt":"2015-11-27T15:50:10","guid":{"rendered":"http:\/\/www.toque-musicall.com\/?p=5300"},"modified":"2015-11-29T04:04:51","modified_gmt":"2015-11-29T06:04:51","slug":"deo-lopes-juan-falu-canticorda-1982","status":"publish","type":"post","link":"https:\/\/www.toque-musicall.com\/?p=5300","title":{"rendered":"D\u00e9o Lopes &#038; Juan Fal\u00fa &#8211; Canticorda (1982)"},"content":{"rendered":"<p><img loading=\"lazy\" decoding=\"async\" class=\"aligncenter\" src=\"http:\/\/4.bp.blogspot.com\/-DVXCrubkxtw\/Vlohm4b0b_I\/AAAAAAAAMYM\/ZT3-FAu4L6g\/s640\/capap.JPG\" alt=\"\" width=\"640\" height=\"637\" \/><img loading=\"lazy\" decoding=\"async\" class=\"aligncenter\" src=\"http:\/\/1.bp.blogspot.com\/-HwL5oPuhXHY\/VlohnW8WWUI\/AAAAAAAAMYQ\/6zcgAkiHpog\/s640\/contrap.JPG\" alt=\"\" width=\"634\" height=\"640\" \/><\/p>\n<p>Ol\u00e1 amigos cultos e ocultos! Hoje levo para voc\u00eas um trabalho independente, colabora\u00e7\u00e3o do amigo Carlos Moraes, que foi o respons\u00e1vel pela arte da capa deste disco do m\u00fasico paulista D\u00e9o Lopes e seus convidados, o violonista argentino Juan Fal\u00fa e o grupo Quintaess\u00eancia. Lan\u00e7ando em 1982, este lp regista o encontro de D\u00e9o Lopes com o violonista Juan Fal\u00fa, Um trabalho realmente interessante, cujo o repert\u00f3rio, embora com m\u00fasicas cantadas, procura valorizar principalmente o instrumental e o ac\u00fastico. Muito lindo, vale uma audi\u00e7\u00e3<a href=\"http:\/\/depositfiles.com\/files\/5nss0f6p5\" target=\"_blank\">o<\/a>!<\/p>\n<div style=\"text-align: center;\">chorada<\/div>\n<div style=\"text-align: center;\">beija-flor<\/div>\n<div style=\"text-align: center;\">milonga<\/div>\n<div style=\"text-align: center;\">oficina (a primeira li\u00e7\u00e3o)<\/div>\n<div style=\"text-align: center;\">manh\u00e3 de carnaval<\/div>\n<div style=\"text-align: center;\">eterno menino<\/div>\n<div style=\"text-align: center;\">na trilha dos chor\u00f5es<\/div>\n<div style=\"text-align: center;\">olha maria<\/div>\n<div style=\"text-align: center;\">la tenebrosa<\/div>\n<div style=\"text-align: center;\">julia<\/div>\n<div style=\"text-align: center;\">aquela estrela<\/div>\n<div style=\"text-align: center;\">.<\/div>\n","protected":false},"excerpt":{"rendered":"<p>Ol\u00e1 amigos cultos e ocultos! Hoje levo para voc\u00eas um trabalho independente, colabora\u00e7\u00e3o do amigo Carlos Moraes, que foi o respons\u00e1vel pela arte da capa deste disco do m\u00fasico paulista D\u00e9o Lopes e seus convidados, o violonista argentino Juan Fal\u00fa &hellip; <a href=\"https:\/\/www.toque-musicall.com\/?p=5300\">Continue lendo <span class=\"meta-nav\">&rarr;<\/span><\/a><\/p>\n","protected":false},"author":1,"featured_media":0,"comment_status":"open","ping_status":"closed","sticky":false,"template":"","format":"standard","meta":{"footnotes":""},"categories":[228,25],"tags":[],"class_list":["post-5300","post","type-post","status-publish","format-standard","hentry","category-deo-lopes","category-selo-independente"],"_links":{"self":[{"href":"https:\/\/www.toque-musicall.com\/index.php?rest_route=\/wp\/v2\/posts\/5300","targetHints":{"allow":["GET"]}}],"collection":[{"href":"https:\/\/www.toque-musicall.com\/index.php?rest_route=\/wp\/v2\/posts"}],"about":[{"href":"https:\/\/www.toque-musicall.com\/index.php?rest_route=\/wp\/v2\/types\/post"}],"author":[{"embeddable":true,"href":"https:\/\/www.toque-musicall.com\/index.php?rest_route=\/wp\/v2\/users\/1"}],"replies":[{"embeddable":true,"href":"https:\/\/www.toque-musicall.com\/index.php?rest_route=%2Fwp%2Fv2%2Fcomments&post=5300"}],"version-history":[{"count":2,"href":"https:\/\/www.toque-musicall.com\/index.php?rest_route=\/wp\/v2\/posts\/5300\/revisions"}],"predecessor-version":[{"id":5302,"href":"https:\/\/www.toque-musicall.com\/index.php?rest_route=\/wp\/v2\/posts\/5300\/revisions\/5302"}],"wp:attachment":[{"href":"https:\/\/www.toque-musicall.com\/index.php?rest_route=%2Fwp%2Fv2%2Fmedia&parent=5300"}],"wp:term":[{"taxonomy":"category","embeddable":true,"href":"https:\/\/www.toque-musicall.com\/index.php?rest_route=%2Fwp%2Fv2%2Fcategories&post=5300"},{"taxonomy":"post_tag","embeddable":true,"href":"https:\/\/www.toque-musicall.com\/index.php?rest_route=%2Fwp%2Fv2%2Ftags&post=5300"}],"curies":[{"name":"wp","href":"https:\/\/api.w.org\/{rel}","templated":true}]}}