{"id":5306,"date":"2015-12-02T07:16:40","date_gmt":"2015-12-02T09:16:40","guid":{"rendered":"http:\/\/www.toque-musicall.com\/?p=5306"},"modified":"2015-12-05T08:00:37","modified_gmt":"2015-12-05T10:00:37","slug":"quinteto-violado-berra-boi-1973","status":"publish","type":"post","link":"https:\/\/www.toque-musicall.com\/?p=5306","title":{"rendered":"Quinteto Violado &#8211; Berra Boi (1973)"},"content":{"rendered":"<p><img loading=\"lazy\" decoding=\"async\" class=\"aligncenter\" src=\"http:\/\/2.bp.blogspot.com\/-5NxXlxfcHig\/VmDovig9iJI\/AAAAAAAAMZA\/mU3RUrkLvKE\/s640\/capa.JPG\" alt=\"\" width=\"639\" height=\"640\" \/><img loading=\"lazy\" decoding=\"async\" class=\"aligncenter\" src=\"http:\/\/3.bp.blogspot.com\/-kvLKAVP-Uos\/VmDovo5V09I\/AAAAAAAAMY8\/73lwGh7FWl4\/s640\/contrapp.JPG\" alt=\"\" width=\"639\" height=\"640\" \/><\/p>\n<p>Ol\u00e1 meus amigos cultos e ocultos! At\u00e9 agora h\u00e1 pouco eu estava ouvindo este disco aqui&#8230; Tinha certo de que j\u00e1 o havia postado no Toque Musical. Recorri ao index do blog para me certificar e realmente, n\u00e3o consta em nossa lista. E eu que pensava j\u00e1 ter postado v\u00e1rios discos do Quinteto Violado&#8230; Vamos ent\u00e3o reparar o erro. Segue assim o &#8220;Berra Boi&#8221;, lp lan\u00e7ado em 1973, uma super safra! 73 foi mesmo o ano onde nasceram os melhores discos de mpb. A M\u00fasica Brasileira estava mesmo inspirada naquele ano. &#8220;Berra Boi&#8221; pode ser considerado como o quarto trabalho do grupo, que surgiu em 1970. Antes deste disco o grupo lan\u00e7ou o &#8220;Quinteto Violado de 70&#8221; (cuja a capa trazia um desenho modificado do artista Roger Dean) e os discos da s\u00e9rie Marcus Pereira, M\u00fasica Popular do Nordeste, em 72, no qual o Quinteto Violado vem acompanhado pela cantora Z\u00e9lia Barbosa. Em 73 a consagra\u00e7\u00e3o. O grupo lan\u00e7a este &#8220;Berra Boi&#8221;, trabalho de excel\u00eancia, que chama a aten\u00e7\u00e3o pela qualidade instrumental, sendo um \u00e1lbum, praticamente, todo autoral, mantendo viva a ess\u00eancia da m\u00fasica nordestina. N\u00e3o me recordo se este lp \u00a0est\u00e1 entre os 300 daquele livro ingrato do Gavin, mas bem que mereci<a href=\"http:\/\/depositfiles.com\/files\/y1mprmvnj\" target=\"_blank\">a<\/a>!<\/p>\n<div style=\"text-align: center;\">vaquejada<\/div>\n<div style=\"text-align: center;\">duda no frevo<\/div>\n<div style=\"text-align: center;\">ladainha<\/div>\n<div style=\"text-align: center;\">engenho novo<\/div>\n<div style=\"text-align: center;\">minha cirada<\/div>\n<div style=\"text-align: center;\">pipoquinha<\/div>\n<div style=\"text-align: center;\">beira de estrada<\/div>\n<div style=\"text-align: center;\">bai\u00e3o do quinji<\/div>\n<div style=\"text-align: center;\">abra\u00e7o ao hermeto<\/div>\n<div style=\"text-align: center;\">forr\u00f3 do dominguinhos<\/div>\n<div style=\"text-align: center;\">de uma noite de festa<\/div>\n<div style=\"text-align: center;\">cavalo marinho<\/div>\n<div style=\"text-align: center;\"><\/div>\n<div>.<\/div>\n<p>&nbsp;<\/p>\n","protected":false},"excerpt":{"rendered":"<p>Ol\u00e1 meus amigos cultos e ocultos! At\u00e9 agora h\u00e1 pouco eu estava ouvindo este disco aqui&#8230; Tinha certo de que j\u00e1 o havia postado no Toque Musical. Recorri ao index do blog para me certificar e realmente, n\u00e3o consta em &hellip; <a href=\"https:\/\/www.toque-musicall.com\/?p=5306\">Continue lendo <span class=\"meta-nav\">&rarr;<\/span><\/a><\/p>\n","protected":false},"author":1,"featured_media":0,"comment_status":"open","ping_status":"closed","sticky":false,"template":"","format":"standard","meta":{"footnotes":""},"categories":[1388,48],"tags":[],"class_list":["post-5306","post","type-post","status-publish","format-standard","hentry","category-quinteto-violado","category-selo-philips"],"_links":{"self":[{"href":"https:\/\/www.toque-musicall.com\/index.php?rest_route=\/wp\/v2\/posts\/5306","targetHints":{"allow":["GET"]}}],"collection":[{"href":"https:\/\/www.toque-musicall.com\/index.php?rest_route=\/wp\/v2\/posts"}],"about":[{"href":"https:\/\/www.toque-musicall.com\/index.php?rest_route=\/wp\/v2\/types\/post"}],"author":[{"embeddable":true,"href":"https:\/\/www.toque-musicall.com\/index.php?rest_route=\/wp\/v2\/users\/1"}],"replies":[{"embeddable":true,"href":"https:\/\/www.toque-musicall.com\/index.php?rest_route=%2Fwp%2Fv2%2Fcomments&post=5306"}],"version-history":[{"count":2,"href":"https:\/\/www.toque-musicall.com\/index.php?rest_route=\/wp\/v2\/posts\/5306\/revisions"}],"predecessor-version":[{"id":5310,"href":"https:\/\/www.toque-musicall.com\/index.php?rest_route=\/wp\/v2\/posts\/5306\/revisions\/5310"}],"wp:attachment":[{"href":"https:\/\/www.toque-musicall.com\/index.php?rest_route=%2Fwp%2Fv2%2Fmedia&parent=5306"}],"wp:term":[{"taxonomy":"category","embeddable":true,"href":"https:\/\/www.toque-musicall.com\/index.php?rest_route=%2Fwp%2Fv2%2Fcategories&post=5306"},{"taxonomy":"post_tag","embeddable":true,"href":"https:\/\/www.toque-musicall.com\/index.php?rest_route=%2Fwp%2Fv2%2Ftags&post=5306"}],"curies":[{"name":"wp","href":"https:\/\/api.w.org\/{rel}","templated":true}]}}