{"id":531,"date":"2011-03-07T11:26:00","date_gmt":"2011-03-07T11:26:00","guid":{"rendered":"http:\/\/www.toque-musicall.com\/?p=531"},"modified":"2011-03-07T11:26:00","modified_gmt":"2011-03-07T11:26:00","slug":"lamartine-babo-a-musica-popular-no-rio-de-janeiro-1988","status":"publish","type":"post","link":"https:\/\/www.toque-musicall.com\/?p=531","title":{"rendered":"Lamartine Babo &#8211; A M\u00fasica Popular No Rio de Janeiro (1988)"},"content":{"rendered":"<p><a href=\"http:\/\/4.bp.blogspot.com\/-XOSMFP1rYR4\/TXTDLjFf44I\/AAAAAAAAHxw\/RGET2EHxmEo\/s1600\/lamartine+babo+P.JPG\"><img decoding=\"async\" style=\"text-align: center; margin: 0px auto 10px; width: 400px; display: block; height: 400px;\" id=\"BLOGGER_PHOTO_ID_5581300441383166850\" alt=\"\" src=\"http:\/\/4.bp.blogspot.com\/-XOSMFP1rYR4\/TXTDLjFf44I\/AAAAAAAAHxw\/RGET2EHxmEo\/s400\/lamartine+babo+P.JPG\" border=\"0\" \/><\/a> Bom dia carnavalescos cultos e ocultos! Parece mentira, mas at\u00e9 o momento eu ainda n\u00e3o vi e nem sa\u00ed no carnaval. N\u00e3o vi pela televis\u00e3o e nem nas ruas. Ali\u00e1s, Belo Horizonte em termos de carnaval \u00e9 um caso s\u00e9rio. Existe at\u00e9 a tradi\u00e7\u00e3o, mas a turma por aqui n\u00e3o \u00e9 muito animada. Neste ano, parece, estavam querendo ressuscitar os velhos blocos carnavelescos, mas eu n\u00e3o tenho visto muitas manifesta\u00e7\u00f5es pela cidade. Acho que o problema por aqui \u00e9 a chuva. Todo ano chove nessa \u00e9poca, da\u00ed o belorizontino prefere viajar e pular o carnaval na chuva de outra cidade. Aqueles que dizem que odeiam carnaval tamb\u00e9m fogem da cidade, procurando um retiro de paz no feriad\u00e3o. Bobagem, melhor ficar por aqui mesmo. Eu adoro o carnaval, mas para ir para o agito prefiro sair com anteced\u00eancia e voltar depois sem pressa. Se tem uma coisa que eu n\u00e3o tolero e pegar uma estrada cheia ou ficar mofando em salas de embarque de aeroporto. Como um bom mineiro, gosto de fazer as coisas sem afoba\u00e7\u00e3o. Na pior das hip\u00f3teses, fico em casa. Fa\u00e7o o meu carnaval por aqui mesmo. Discos e m\u00fasicas s\u00e3o o que n\u00e3o me faltam. Fa\u00e7o a festa e ainda de sobra mando ver aqui no Toque Musical.<br \/>Passar o Carnaval sem Lamartine Babo \u00e9 o mesmo que assistir na Avenida dos Andradas ao desfile carnavelesco de Bel\u00f4, uma tremenda frustra\u00e7\u00e3o. Por isso, para salvar o dia e tamb\u00e9m a festa, vamos com um \u00e1lbum do Lal\u00e1. Temos aqui este lp lan\u00e7ado pela Moto Discos, que a exemplo de outros selos como o Collectors, Revivendo e Filigranas Musicais, ajudou em muito no resgate e restaura\u00e7\u00e3o de velhos fonogramas, dos primeiros discos e artistas da m\u00fasica popular brasileira. O \u00e1lbum &#8220;Lamartine Babo &#8211; A m\u00fasica popular no Rio de Janeiro&#8221;, como diz o pr\u00f3prio texto da contracapa, procura prestar uma homenagem a um dos maiores compositores brasileiros de todos os tempos, reunindo algumas de suas famosas cria\u00e7\u00f5es. As m\u00fasicas selecionadas aqui s\u00e3o da d\u00e9cada de 30, em grava\u00e7\u00f5es feitas pelo artista ou outros int\u00e9rpretes como, Carmen Miranda, Francisco Alves, Aracy de Almeida, Castro Barbosa, Mario Reis, Almirante, Diabos do C\u00e9u e outros&#8230; Em todas as m\u00fasicas temos, de alguma forma, a presen\u00e7a de Lal\u00e1, mesmo quando na m\u00fasica ele n\u00e3o \u00e9 o astro principal. Ele interv\u00e9m para dar a essa um definitivo &#8216;toque&#8217; lamartinesco. Confiram&#8230;<\/p>\n<div align=\"center\">linda morena<\/div>\n<div align=\"center\">grau dez<\/div>\n<div align=\"center\">a e i o u<\/div>\n<div align=\"center\">babo&#8230; zeira<\/div>\n<div align=\"center\">raps\u00f3dia lamartinesca<\/div>\n<div align=\"center\">senhorita carnaval<\/div>\n<div align=\"center\">teu cabelo n\u00e3o nega<\/div>\n<div align=\"center\">moleque indigesto<\/div>\n<div align=\"center\">a\u00ed heim?<\/div>\n<div align=\"center\">boa bola<\/div>\n<div align=\"center\">infelizmente<\/div>\n<div align=\"center\">vaca oxigen\u00ea<\/div>\n<div align=\"center\">chegou a hora da fogueira<\/div>\n<div align=\"center\"><\/div>\n<div align=\"center\"><\/div>\n<div align=\"center\"><\/div>\n","protected":false},"excerpt":{"rendered":"<p>Bom dia carnavalescos cultos e ocultos! Parece mentira, mas at\u00e9 o momento eu ainda n\u00e3o vi e nem sa\u00ed no carnaval. N\u00e3o vi pela televis\u00e3o e nem nas ruas. Ali\u00e1s, Belo Horizonte em termos de carnaval \u00e9 um caso s\u00e9rio. &hellip; <a href=\"https:\/\/www.toque-musicall.com\/?p=531\">Continue lendo <span class=\"meta-nav\">&rarr;<\/span><\/a><\/p>\n","protected":false},"author":1,"featured_media":0,"comment_status":"open","ping_status":"closed","sticky":false,"template":"","format":"standard","meta":{"footnotes":""},"categories":[140,534,816,818,814,115,764,817,815],"tags":[],"class_list":["post-531","post","type-post","status-publish","format-standard","hentry","category-almirante","category-aracy-de-almeida","category-carmen-miranda","category-castro-barbosa","category-diabos-do-ceu","category-francisco-alves","category-lamartine-babo","category-mario-reis","category-selo-moto-discos"],"_links":{"self":[{"href":"https:\/\/www.toque-musicall.com\/index.php?rest_route=\/wp\/v2\/posts\/531","targetHints":{"allow":["GET"]}}],"collection":[{"href":"https:\/\/www.toque-musicall.com\/index.php?rest_route=\/wp\/v2\/posts"}],"about":[{"href":"https:\/\/www.toque-musicall.com\/index.php?rest_route=\/wp\/v2\/types\/post"}],"author":[{"embeddable":true,"href":"https:\/\/www.toque-musicall.com\/index.php?rest_route=\/wp\/v2\/users\/1"}],"replies":[{"embeddable":true,"href":"https:\/\/www.toque-musicall.com\/index.php?rest_route=%2Fwp%2Fv2%2Fcomments&post=531"}],"version-history":[{"count":0,"href":"https:\/\/www.toque-musicall.com\/index.php?rest_route=\/wp\/v2\/posts\/531\/revisions"}],"wp:attachment":[{"href":"https:\/\/www.toque-musicall.com\/index.php?rest_route=%2Fwp%2Fv2%2Fmedia&parent=531"}],"wp:term":[{"taxonomy":"category","embeddable":true,"href":"https:\/\/www.toque-musicall.com\/index.php?rest_route=%2Fwp%2Fv2%2Fcategories&post=531"},{"taxonomy":"post_tag","embeddable":true,"href":"https:\/\/www.toque-musicall.com\/index.php?rest_route=%2Fwp%2Fv2%2Ftags&post=531"}],"curies":[{"name":"wp","href":"https:\/\/api.w.org\/{rel}","templated":true}]}}