{"id":532,"date":"2011-03-06T12:53:00","date_gmt":"2011-03-06T12:53:00","guid":{"rendered":"http:\/\/www.toque-musicall.com\/?p=532"},"modified":"2011-03-06T12:53:00","modified_gmt":"2011-03-06T12:53:00","slug":"carnaval-1970-1970","status":"publish","type":"post","link":"https:\/\/www.toque-musicall.com\/?p=532","title":{"rendered":"Carnaval 1970 (1970)"},"content":{"rendered":"<p><a href=\"http:\/\/4.bp.blogspot.com\/-60c1ZhjX-Yc\/TXOEXRPp2pI\/AAAAAAAAHxk\/O8hmWNXZogs\/s1600\/carnaval+1970+P.JPG\"><img decoding=\"async\" style=\"text-align: center; margin: 0px auto 10px; width: 400px; display: block; height: 392px;\" id=\"BLOGGER_PHOTO_ID_5580949898543094418\" alt=\"\" src=\"http:\/\/4.bp.blogspot.com\/-60c1ZhjX-Yc\/TXOEXRPp2pI\/AAAAAAAAHxk\/O8hmWNXZogs\/s400\/carnaval+1970+P.JPG\" border=\"0\" \/><\/a> Bom dia foli\u00f5es cultos e ocultos! Para o embalo do nosso carnaval, mantendo a linha &#8216;Toque Musical&#8217;, eu hoje trago um obscuro \u00e1lbum lan\u00e7ado em 1970 pelo n\u00e3o menos obscuro selo Bandeirante. Este disco teria sido postado no carnaval do ano passado, n\u00e3o fosse o fato de que a capa e o disco estavam trocados. Pela capa seria &#8220;<a href=\"http:\/\/www.mediafire.com\/?7umr5s438chyi3y\">Carnaval do bons tempos &#8211; A banda do Pixinguinha<\/a>&#8220;, mas no interior, o disco era &#8220;Carnaval 1970&#8221;. Por conta disso, acabei deixando a postagem de lado, fiquei com dois discos incompletos. Mas neste ano eu resolvi post\u00e1-lo, usando da criatividade, transformei a capa do Pixinguinha num novo encarte para o &#8220;Carnaval 1970&#8221;. Teria sido mais interessante se fosse o contr\u00e1rio, mas infelizmente esse grau de magia eu ainda n\u00e3o domino. Vamos ent\u00e3o curtir essa sele\u00e7\u00e3o, orquestrada e dirigida pelo Maestro Severino Silva. Encontraremos aqui quatorze faixas onde predominam as marchinhas. S\u00e3o m\u00fasicas carnavalescas pouco conhecidas do p\u00fablico, pelo menos eu suponho, considerando que eu tamb\u00e9m conhe\u00e7o dessas muito poucas. Os int\u00e9rpretes tamb\u00e9m n\u00e3o s\u00e3o nomes muito comuns, apenas Alvarenga e Ranchinho aparecem na segunda faixa com a marcha &#8220;Pau de arara&#8221;. Mesmo assim, o lp n\u00e3o deixa de ser muito interessante, apresentando um carnaval como nos bons tempos. Vale a pena conferir&#8230; \ud83d\ude09<\/p>\n<div align=\"center\">carnaval&#8230; carnaval &#8211; irene macedo<\/div>\n<div align=\"center\">pau de arara &#8211; alvarenga e ranchinho<\/div>\n<div align=\"center\">agora eu sou feliz &#8211; alzirinha miranda<\/div>\n<div align=\"center\">quero mais &#8211; alzirinha miranda<\/div>\n<div align=\"center\">se hoje eu sou feliz &#8211; bartira<\/div>\n<div align=\"center\">meu sofrimento &#8211; irene macedo<\/div>\n<div align=\"center\">n\u00e3o vim pedir perd\u00e3o &#8211; magda elena<\/div>\n<div align=\"center\">um mascarado a mais &#8211; nelson de lima<\/div>\n<div align=\"center\">n\u00e3o chore assim domin\u00f3 &#8211; bartira<\/div>\n<div align=\"center\">quero confus\u00e3o &#8211; humberto augusto<\/div>\n<div align=\"center\">serpentina &#8211; humberto augusto<\/div>\n<div align=\"center\">morena&#8230; morena -magda elena<\/div>\n<div align=\"center\">copacabana &#8211; carlos chagas<\/div>\n<div align=\"center\">chegou a minha vez &#8211; ulisse carlos<\/div>\n<div align=\"center\"><\/div>\n<div align=\"center\"><\/div>\n","protected":false},"excerpt":{"rendered":"<p>Bom dia foli\u00f5es cultos e ocultos! Para o embalo do nosso carnaval, mantendo a linha &#8216;Toque Musical&#8217;, eu hoje trago um obscuro \u00e1lbum lan\u00e7ado em 1970 pelo n\u00e3o menos obscuro selo Bandeirante. Este disco teria sido postado no carnaval do &hellip; <a href=\"https:\/\/www.toque-musicall.com\/?p=532\">Continue lendo <span class=\"meta-nav\">&rarr;<\/span><\/a><\/p>\n","protected":false},"author":1,"featured_media":0,"comment_status":"open","ping_status":"closed","sticky":false,"template":"","format":"standard","meta":{"footnotes":""},"categories":[824,826,829,822,830,820,828,823,825,827,821,819],"tags":[],"class_list":["post-532","post","type-post","status-publish","format-standard","hentry","category-alvarenga-e-ranchinho","category-alzirinha-miranda","category-bartira","category-carlos-chagas","category-carnaval-1970","category-humberto-augusto","category-irene-macedo","category-maestro-severino-silva","category-magda-elena","category-nelson-lima","category-selo-bandeirante","category-ulisse-carlos"],"_links":{"self":[{"href":"https:\/\/www.toque-musicall.com\/index.php?rest_route=\/wp\/v2\/posts\/532","targetHints":{"allow":["GET"]}}],"collection":[{"href":"https:\/\/www.toque-musicall.com\/index.php?rest_route=\/wp\/v2\/posts"}],"about":[{"href":"https:\/\/www.toque-musicall.com\/index.php?rest_route=\/wp\/v2\/types\/post"}],"author":[{"embeddable":true,"href":"https:\/\/www.toque-musicall.com\/index.php?rest_route=\/wp\/v2\/users\/1"}],"replies":[{"embeddable":true,"href":"https:\/\/www.toque-musicall.com\/index.php?rest_route=%2Fwp%2Fv2%2Fcomments&post=532"}],"version-history":[{"count":0,"href":"https:\/\/www.toque-musicall.com\/index.php?rest_route=\/wp\/v2\/posts\/532\/revisions"}],"wp:attachment":[{"href":"https:\/\/www.toque-musicall.com\/index.php?rest_route=%2Fwp%2Fv2%2Fmedia&parent=532"}],"wp:term":[{"taxonomy":"category","embeddable":true,"href":"https:\/\/www.toque-musicall.com\/index.php?rest_route=%2Fwp%2Fv2%2Fcategories&post=532"},{"taxonomy":"post_tag","embeddable":true,"href":"https:\/\/www.toque-musicall.com\/index.php?rest_route=%2Fwp%2Fv2%2Ftags&post=532"}],"curies":[{"name":"wp","href":"https:\/\/api.w.org\/{rel}","templated":true}]}}