{"id":5327,"date":"2015-12-13T18:59:00","date_gmt":"2015-12-13T20:59:00","guid":{"rendered":"http:\/\/www.toque-musicall.com\/?p=5327"},"modified":"2015-12-16T20:24:54","modified_gmt":"2015-12-16T22:24:54","slug":"vinicius-poesia-e-cancao-vol-2-1966","status":"publish","type":"post","link":"https:\/\/www.toque-musicall.com\/?p=5327","title":{"rendered":"Vin\u00edcius: Poesia E Can\u00e7\u00e3o Vol. 2 (1966)"},"content":{"rendered":"<p><img loading=\"lazy\" decoding=\"async\" class=\"aligncenter\" src=\"http:\/\/2.bp.blogspot.com\/-NfyDDbVd0lk\/Vm9xL0-o-6I\/AAAAAAAAMcM\/E7K8OntLiuk\/s640\/capap.JPG\" alt=\"\" width=\"640\" height=\"638\" \/><img loading=\"lazy\" decoding=\"async\" class=\"aligncenter\" src=\"http:\/\/1.bp.blogspot.com\/-XKVWscGNu0Y\/Vm9xebxWSDI\/AAAAAAAAMcU\/wceW8dx9xko\/s640\/contrap.JPG\" alt=\"\" width=\"640\" height=\"634\" \/><\/p>\n<p>Ol\u00e1 amigos cultos e ocultos! Hoje, dia 13 de dezembro, fazem 50 anos que aconteceu no Teatro Municipal de S\u00e3o Paulo o encontro da poesia e da can\u00e7\u00e3o de Vin\u00edcius de Moraes. Foi uma noite de gala onde estiveram presentes grandes nomes da m\u00fasica como Baden Powell, Carlos Lyra, Cyro Monteiro, Edu Lobo, Elizeth Cardoso, Francis Hime, Pixinguinha e (claro) Vinicius de Moraes. A apresenta\u00e7\u00e3o foi feita pela filha do poeta, Suzana de Moraes e contou tamb\u00e9m com a participa\u00e7\u00e3o do ator Paulo Autran que recitou alguns de seus poemas. Este show teve um registro a altura, gerando ao final dois lps, produzidos por Roberto Quartin e seu selo Forma. Os discos foram lan\u00e7ados no ano seguinte. Acredito que na \u00e9poca n\u00e3o era muito comum \u00e1lbuns duplos, da\u00ed os dois discos sa\u00edram separadamente. Muito por conta disso eu come\u00e7o pelo segundo volume, que \u00e9 o que eu tenho. O certo seria postar primeiro o volume 1, mas esse eu vou ficar devendo. Quem sabe no ano que vem, quando ent\u00e3o o disco completa 51 anos (uma boa ideia!). Mas antes disso, se for o caso, eu irei postar o que falta, n\u00e3o se preocupem&#8230;. Por enquanto, vamos s\u00f3 celebrar e comemorar a poesia e a can\u00e7\u00e3o de Vin\u00edcius de Morae<a href=\"http:\/\/depositfiles.org\/files\/cgfj1bx0t\" target=\"_blank\">s<\/a>.<\/p>\n<div style=\"text-align: center;\">abertura &#8211; guerra peixe<\/div>\n<div style=\"text-align: center;\">zambi &#8211; edu lobo<\/div>\n<div style=\"text-align: center;\">pedro, meu filho &#8211; vinicius de moraes<\/div>\n<div style=\"text-align: center;\">sem mais adeus &#8211; francis hime<\/div>\n<div style=\"text-align: center;\">soneto da felicidade &#8211; suzana de moraes<\/div>\n<div style=\"text-align: center;\">minha namorada &#8211; carlos lyra<\/div>\n<div style=\"text-align: center;\">lamento &#8211; cyro monteiro<\/div>\n<div style=\"text-align: center;\">eur\u00eddice &#8211; baden powell<\/div>\n<div style=\"text-align: center;\">mon\u00f3logo de orfeu &#8211; vinicius de moraes<\/div>\n<div style=\"text-align: center;\">vinicius do encontro &#8211; suzana de moraes e paulo autran<\/div>\n<div style=\"text-align: center;\"><\/div>\n<div style=\"text-align: center;\">.<\/div>\n","protected":false},"excerpt":{"rendered":"<p>Ol\u00e1 amigos cultos e ocultos! Hoje, dia 13 de dezembro, fazem 50 anos que aconteceu no Teatro Municipal de S\u00e3o Paulo o encontro da poesia e da can\u00e7\u00e3o de Vin\u00edcius de Moraes. Foi uma noite de gala onde estiveram presentes &hellip; <a href=\"https:\/\/www.toque-musicall.com\/?p=5327\">Continue lendo <span class=\"meta-nav\">&rarr;<\/span><\/a><\/p>\n","protected":false},"author":1,"featured_media":0,"comment_status":"open","ping_status":"closed","sticky":false,"template":"","format":"standard","meta":{"footnotes":""},"categories":[318,767,1119],"tags":[],"class_list":["post-5327","post","type-post","status-publish","format-standard","hentry","category-poesia","category-selo-forma","category-vinicius-de-moraes"],"_links":{"self":[{"href":"https:\/\/www.toque-musicall.com\/index.php?rest_route=\/wp\/v2\/posts\/5327","targetHints":{"allow":["GET"]}}],"collection":[{"href":"https:\/\/www.toque-musicall.com\/index.php?rest_route=\/wp\/v2\/posts"}],"about":[{"href":"https:\/\/www.toque-musicall.com\/index.php?rest_route=\/wp\/v2\/types\/post"}],"author":[{"embeddable":true,"href":"https:\/\/www.toque-musicall.com\/index.php?rest_route=\/wp\/v2\/users\/1"}],"replies":[{"embeddable":true,"href":"https:\/\/www.toque-musicall.com\/index.php?rest_route=%2Fwp%2Fv2%2Fcomments&post=5327"}],"version-history":[{"count":2,"href":"https:\/\/www.toque-musicall.com\/index.php?rest_route=\/wp\/v2\/posts\/5327\/revisions"}],"predecessor-version":[{"id":5330,"href":"https:\/\/www.toque-musicall.com\/index.php?rest_route=\/wp\/v2\/posts\/5327\/revisions\/5330"}],"wp:attachment":[{"href":"https:\/\/www.toque-musicall.com\/index.php?rest_route=%2Fwp%2Fv2%2Fmedia&parent=5327"}],"wp:term":[{"taxonomy":"category","embeddable":true,"href":"https:\/\/www.toque-musicall.com\/index.php?rest_route=%2Fwp%2Fv2%2Fcategories&post=5327"},{"taxonomy":"post_tag","embeddable":true,"href":"https:\/\/www.toque-musicall.com\/index.php?rest_route=%2Fwp%2Fv2%2Ftags&post=5327"}],"curies":[{"name":"wp","href":"https:\/\/api.w.org\/{rel}","templated":true}]}}