{"id":533,"date":"2011-03-05T22:41:00","date_gmt":"2011-03-05T22:41:00","guid":{"rendered":"http:\/\/www.toque-musicall.com\/?p=533"},"modified":"2011-03-05T22:41:00","modified_gmt":"2011-03-05T22:41:00","slug":"baile-de-gala-teatro-municiapal-do-rio-de-janeiro-1967","status":"publish","type":"post","link":"https:\/\/www.toque-musicall.com\/?p=533","title":{"rendered":"Baile de Gala &#8211; Teatro Municiapal Do Rio De Janeiro (1967)"},"content":{"rendered":"<p><a href=\"http:\/\/3.bp.blogspot.com\/-J4gsD_iiU3s\/TXK8ZGmyPII\/AAAAAAAAHxY\/Ib7XCG5WEco\/s1600\/baile+de+gala+F+%2528restaurada%2529+P.JPG\"><img decoding=\"async\" style=\"text-align: center; margin: 0px auto 10px; width: 400px; display: block; height: 390px;\" id=\"BLOGGER_PHOTO_ID_5580730027721505922\" alt=\"\" src=\"http:\/\/3.bp.blogspot.com\/-J4gsD_iiU3s\/TXK8ZGmyPII\/AAAAAAAAHxY\/Ib7XCG5WEco\/s400\/baile+de+gala+F+%2528restaurada%2529+P.JPG\" border=\"0\" \/><\/a> Eu fiz hoje a chamada para o Carnaval, mas a postagem do dia est\u00e1 chegando agora.<br \/>Abrindo o nosso carnaval, vamos logo cair na folia e com toda a pompa. Come\u00e7amos com um baile memor\u00e1vel. Vamos para o Baile de Gala do Teatro Municipal do Rio de Janeiro, no ano de 1967. Temos aqui um raro disco lan\u00e7ado pelo selo Sideral, da Rozenblit, apresentando o que foi o baile daquele ano, numa grava\u00e7\u00e3o ao vivo muito empolgante. Este \u00e1lbum eu escalei meio que encima da hora. Tive que refazer a capinha que se encontrava um pouco amarelada e desgastada pelo tempo. Ficou at\u00e9 bem pr\u00f3xima da original.<br \/>\u00c9 interessante notar como, naquela \u00e9poca, se lan\u00e7avam discos como este, literalmente uma grava\u00e7\u00e3o ao vivo de um baile de carnaval. A qualidade do som chega a ser um pouco sofr\u00edvel, muito pelo fato de que o ambiente e as condi\u00e7\u00f5es t\u00e9cnicas n\u00e3o deveriam ser l\u00e1 muito prop\u00edcias. Mesmo assim, n\u00e3o deixa de ser interessante e saudosista. Me faz lembrar dos bailes que um dia eu fui tamb\u00e9m.<br \/>Um fato interessante e de destaque neste disco \u00e9 que nele aparece pela primeira vez a marcha rancho &#8220;M\u00e1scara Negra&#8221;, de Z\u00e9 Ketti e Pereira Matos, gravada ao vivo e no melhor estilo carnavalesco. Esta m\u00fasica passaria a fazer parte do repert\u00f3rio de carnaval deste e de todos os bailes desde ent\u00e3o, se tornando um verdadeiro cl\u00e1ssico. Confiram a\u00ed&#8230;<\/p>\n<div align=\"center\">afinando instrumentos<\/div>\n<div align=\"center\">cidade maravilhosa<\/div>\n<div align=\"center\">m\u00e1cara negra<\/div>\n<div align=\"center\">colombina y\u00ea y\u00ea y\u00ea<\/div>\n<div align=\"center\">a banda<\/div>\n<div align=\"center\">linda mascarada<\/div>\n<div align=\"center\">mulata y\u00ea y\u00ea y\u00ea<\/div>\n<div align=\"center\">bicho carpinteiro<\/div>\n<div align=\"center\">ma\u00ea i\u00ea<\/div>\n<div align=\"center\">jardineira<\/div>\n<div align=\"center\">mam\u00e3e eu quero<\/div>\n<div align=\"center\">joga a chave<\/div>\n<div align=\"center\">mulata y\u00ea y\u00ea y\u00ea<\/div>\n<div align=\"center\">demonstra\u00e7\u00e3o de ritmo<\/div>\n<div align=\"center\">saudade<\/div>\n<div align=\"center\">colombina y\u00ea y\u00ea y\u00ea<\/div>\n<div align=\"center\">demosntra\u00e7\u00e3o de ritmo<\/div>\n<div align=\"center\">m\u00e1scara negra<\/div>\n<div align=\"center\">pout pourri de sambas<\/div>\n<div align=\"center\">vem chegando a madrugada<\/div>\n<div align=\"center\">oba<\/div>\n<div align=\"center\">volta maria<\/div>\n<div align=\"center\">pout pourri de marchas<\/div>\n<div align=\"center\">p\u00f3 de mico<\/div>\n<div align=\"center\">linda morena<\/div>\n<div align=\"center\">o teu cabelo n\u00e3o nega<\/div>\n<div align=\"center\">as pastorinhas<\/div>\n<div align=\"center\"> <\/div>\n","protected":false},"excerpt":{"rendered":"<p>Eu fiz hoje a chamada para o Carnaval, mas a postagem do dia est\u00e1 chegando agora.Abrindo o nosso carnaval, vamos logo cair na folia e com toda a pompa. Come\u00e7amos com um baile memor\u00e1vel. Vamos para o Baile de Gala &hellip; <a href=\"https:\/\/www.toque-musicall.com\/?p=533\">Continue lendo <span class=\"meta-nav\">&rarr;<\/span><\/a><\/p>\n","protected":false},"author":1,"featured_media":0,"comment_status":"open","ping_status":"closed","sticky":false,"template":"","format":"standard","meta":{"footnotes":""},"categories":[832,833,354,831],"tags":[],"class_list":["post-533","post","type-post","status-publish","format-standard","hentry","category-a-banda-do-carnaval","category-baile-de-gala-do-municipal-rj","category-selo-rozenblit","category-selo-sideral"],"_links":{"self":[{"href":"https:\/\/www.toque-musicall.com\/index.php?rest_route=\/wp\/v2\/posts\/533","targetHints":{"allow":["GET"]}}],"collection":[{"href":"https:\/\/www.toque-musicall.com\/index.php?rest_route=\/wp\/v2\/posts"}],"about":[{"href":"https:\/\/www.toque-musicall.com\/index.php?rest_route=\/wp\/v2\/types\/post"}],"author":[{"embeddable":true,"href":"https:\/\/www.toque-musicall.com\/index.php?rest_route=\/wp\/v2\/users\/1"}],"replies":[{"embeddable":true,"href":"https:\/\/www.toque-musicall.com\/index.php?rest_route=%2Fwp%2Fv2%2Fcomments&post=533"}],"version-history":[{"count":0,"href":"https:\/\/www.toque-musicall.com\/index.php?rest_route=\/wp\/v2\/posts\/533\/revisions"}],"wp:attachment":[{"href":"https:\/\/www.toque-musicall.com\/index.php?rest_route=%2Fwp%2Fv2%2Fmedia&parent=533"}],"wp:term":[{"taxonomy":"category","embeddable":true,"href":"https:\/\/www.toque-musicall.com\/index.php?rest_route=%2Fwp%2Fv2%2Fcategories&post=533"},{"taxonomy":"post_tag","embeddable":true,"href":"https:\/\/www.toque-musicall.com\/index.php?rest_route=%2Fwp%2Fv2%2Ftags&post=533"}],"curies":[{"name":"wp","href":"https:\/\/api.w.org\/{rel}","templated":true}]}}