{"id":5331,"date":"2015-12-15T17:55:14","date_gmt":"2015-12-15T19:55:14","guid":{"rendered":"http:\/\/www.toque-musicall.com\/?p=5331"},"modified":"2015-12-22T20:10:41","modified_gmt":"2015-12-22T22:10:41","slug":"trio-de-ouro-o-fabuloso-trio-de-ouro-1958","status":"publish","type":"post","link":"https:\/\/www.toque-musicall.com\/?p=5331","title":{"rendered":"Trio De Ouro &#8211; O Famoso Trio De Ouro (1958)"},"content":{"rendered":"<p><img loading=\"lazy\" decoding=\"async\" class=\"aligncenter\" src=\"http:\/\/2.bp.blogspot.com\/-yPvUy9tlj1I\/VncEebRtDFI\/AAAAAAAAMc8\/Kl9nMLPXGmo\/s640\/capap.JPG\" alt=\"\" width=\"639\" height=\"640\" \/><img loading=\"lazy\" decoding=\"async\" class=\"aligncenter\" src=\"http:\/\/2.bp.blogspot.com\/-Y80upQKqOuY\/VncEeUjTKII\/AAAAAAAAMdA\/UhtkbZD3SXw\/s640\/contrap.JPG\" alt=\"\" width=\"639\" height=\"640\" \/><\/p>\n<p>Ol\u00e1 amigos cultos e ocultos! Sei que temos em nosso grupo, o GTM, quase 3 mil associados. Com tudo, menos da metade recorre a ele com frequ\u00eancia. Para quem n\u00e3o sabe, os links das postagens feitas aqui no Toque Musical s\u00e3o compartilhados no GTM. Basta dar uma lida r\u00e1pida nos textos laterais do blog para entender o processo de filia\u00e7\u00e3o. Recordando: os links tem um prazo de validade de aproximadamente 6 meses e depois n\u00e3o h\u00e1 reposi\u00e7\u00e3o. Eventualmente eu reposto um novo link, mas n\u00e3o \u00e9 de praxe. Para este fim de ano, considerando que em 2015 n\u00e3o tivemos postagens di\u00e1rias ou regulares, eu estou repostando no grupo alguns novos links das antigas produ\u00e7\u00f5es exclusivas do TM, pois essas eu mantenho os arquivos guardados. Este \u00e9 o meu presente de Natal para voc\u00eas,ok?<br \/>\nE dando sequencia as postagens, eu trago hoje este lp do Trio de Ouro, um dos mais importantes trios vocais brasileiros, formado inicialmente por Dalva de Oliveira, Herivelto Martins e Nilo Chagas. trata-se de um lp lan\u00e7ado originalmente pela Odeon, no final dos anos 50. Uma colet\u00e2nea que abrange um per\u00edodo de dez anos, entre 1937 a 47, a fase mais f\u00e9rtil e de sucessos desse fabuloso trio. Aqui est\u00e3o algumas das mais importantes grava\u00e7\u00f5es feita na Odeon, Este disco viria a ser relan\u00e7ado no final dos anos 60 atrav\u00e9s do selo Imperial e ao que parece chegou tamb\u00e9m, mais tarde, a ser lan\u00e7ado em cd. Na internet, em diversos sites e blogs, assim como no You Tube este disco j\u00e1 foi bem divulgado, por\u00e9m, sempre achei a qualidade dos arquivos meio tosca. Da\u00ed uma das muitas raz\u00f5es pela qual estou trazendo ele pra c\u00e1. Certamente \u00e9 um disco que merece ser conhecido, ouvido e compartilhado. Se voc\u00ea ainda n\u00e3o o ouviu, corre l\u00e1 no GTM e baixe logo. O tempo \u00e9 limitad<a href=\"http:\/\/depositfiles.com\/files\/m5eisgdxm\" target=\"_blank\">o<\/a>!<\/p>\n<div style=\"text-align: center;\">ave maria do morro<\/div>\n<div style=\"text-align: center;\">batuque no morro<\/div>\n<div style=\"text-align: center;\">fala, claudionor<\/div>\n<div style=\"text-align: center;\">yaya bahianinha<\/div>\n<div style=\"text-align: center;\">n\u00e3o \u00e9 hor\u00e1rio<\/div>\n<div style=\"text-align: center;\">a maria me controla<\/div>\n<div style=\"text-align: center;\">senhor do bonfim<\/div>\n<div style=\"text-align: center;\">morro<\/div>\n<div style=\"text-align: center;\">ob\u00e9<\/div>\n<div style=\"text-align: center;\">negro artilheiro<\/div>\n<div style=\"text-align: center;\">festa de preto<\/div>\n<div style=\"text-align: center;\">m\u00e1goa<\/div>\n<div style=\"text-align: center;\"><\/div>\n<div style=\"text-align: center;\"><\/div>\n<div>\n<div>.<\/div>\n<\/div>\n","protected":false},"excerpt":{"rendered":"<p>Ol\u00e1 amigos cultos e ocultos! Sei que temos em nosso grupo, o GTM, quase 3 mil associados. Com tudo, menos da metade recorre a ele com frequ\u00eancia. Para quem n\u00e3o sabe, os links das postagens feitas aqui no Toque Musical &hellip; <a href=\"https:\/\/www.toque-musicall.com\/?p=5331\">Continue lendo <span class=\"meta-nav\">&rarr;<\/span><\/a><\/p>\n","protected":false},"author":1,"featured_media":0,"comment_status":"open","ping_status":"closed","sticky":false,"template":"","format":"standard","meta":{"footnotes":""},"categories":[159,672,2625,86],"tags":[],"class_list":["post-5331","post","type-post","status-publish","format-standard","hentry","category-dalva-de-oliveira","category-herivelto-martins","category-nilo-chagas","category-selo-odeon"],"_links":{"self":[{"href":"https:\/\/www.toque-musicall.com\/index.php?rest_route=\/wp\/v2\/posts\/5331","targetHints":{"allow":["GET"]}}],"collection":[{"href":"https:\/\/www.toque-musicall.com\/index.php?rest_route=\/wp\/v2\/posts"}],"about":[{"href":"https:\/\/www.toque-musicall.com\/index.php?rest_route=\/wp\/v2\/types\/post"}],"author":[{"embeddable":true,"href":"https:\/\/www.toque-musicall.com\/index.php?rest_route=\/wp\/v2\/users\/1"}],"replies":[{"embeddable":true,"href":"https:\/\/www.toque-musicall.com\/index.php?rest_route=%2Fwp%2Fv2%2Fcomments&post=5331"}],"version-history":[{"count":3,"href":"https:\/\/www.toque-musicall.com\/index.php?rest_route=\/wp\/v2\/posts\/5331\/revisions"}],"predecessor-version":[{"id":5344,"href":"https:\/\/www.toque-musicall.com\/index.php?rest_route=\/wp\/v2\/posts\/5331\/revisions\/5344"}],"wp:attachment":[{"href":"https:\/\/www.toque-musicall.com\/index.php?rest_route=%2Fwp%2Fv2%2Fmedia&parent=5331"}],"wp:term":[{"taxonomy":"category","embeddable":true,"href":"https:\/\/www.toque-musicall.com\/index.php?rest_route=%2Fwp%2Fv2%2Fcategories&post=5331"},{"taxonomy":"post_tag","embeddable":true,"href":"https:\/\/www.toque-musicall.com\/index.php?rest_route=%2Fwp%2Fv2%2Ftags&post=5331"}],"curies":[{"name":"wp","href":"https:\/\/api.w.org\/{rel}","templated":true}]}}