{"id":5337,"date":"2015-12-17T00:42:54","date_gmt":"2015-12-17T02:42:54","guid":{"rendered":"http:\/\/www.toque-musicall.com\/?p=5337"},"modified":"2015-12-21T07:09:58","modified_gmt":"2015-12-21T09:09:58","slug":"grupo-mambembe-mambembe-1981","status":"publish","type":"post","link":"https:\/\/www.toque-musicall.com\/?p=5337","title":{"rendered":"Grupo Mambembe &#8211; Mambembe (1981)"},"content":{"rendered":"<p><img loading=\"lazy\" decoding=\"async\" class=\"aligncenter\" src=\"http:\/\/3.bp.blogspot.com\/-ZETFt2YDzqc\/Vndce_kpZAI\/AAAAAAAAMeY\/IYr0T7YO_Ek\/s640\/capap.JPG\" alt=\"\" width=\"640\" height=\"632\" \/><img loading=\"lazy\" decoding=\"async\" class=\"aligncenter\" src=\"http:\/\/2.bp.blogspot.com\/-FAxBXxusjIs\/VndcfcfI-UI\/AAAAAAAAMec\/vtVxOVOJuBs\/s640\/contrap.JPG\" alt=\"\" width=\"640\" height=\"634\" \/><\/p>\n<p>Ol\u00e1 amigos cultos e ocultos! Tenho hoje para voc\u00eas um disco muito bacana, produ\u00e7\u00e3o independente feita aqui nas Geraes. Trata-se do primeiro e \u00fanico disco do grupo Mambembe, formado em Belo Horizonte, em 1974. Durante os anos 70 o Mambembe participou dos mais importantes eventos, festivais e projetos musicais de Minas, entre eles o &#8220;Travessia &#8211; O canto dos mineiros&#8221;, que foi um trabalho coletivo reunindo v\u00e1rios artistas da terra em um disco e show no Pal\u00e1cio das Artes. Este lp, por sinal, j\u00e1 foi postado aqui no Toque Musical. O grupo era formado por Cadinho Faria, Murilo Albernaz, Toninho Camargos, Miguel Queiroz, Cl\u00e1udia Sampaio, Rog\u00e9rio Leonel, Lina Amaral, Aldo Fernandes, Edson Aquino, Ant\u00f4nio Martins e Ana Iris Teixeira. Essa \u00faltima viria mais tarde seguir em carreira solo com o nome de Titane. Em 1981 eles finalmente tiveram a chance de produzir e lan\u00e7ar este lp independente. Um disco muito bem elaborado, tanto na parte musical, quanto na parte gr\u00e1fica. \u00a0Quando gravaram este lp o grupo j\u00e1 estava reduzido a cinco membros. Este disco hoje se tornou objeto de desejo de muitos colecionadores, principalmente europeus e japoneses. S\u00f3 neste ano eu vendi 4 dos seis que eu arrematei de um estoque de loja, ainda nos anos 90. Se soubesse quanto valeria este disco hoje, teria levado os que sobrara<a href=\"http:\/\/depositfiles.com\/files\/lme7c49o2\" target=\"_blank\">m<\/a>.<\/p>\n<div style=\"text-align: center;\">charada nacional<\/div>\n<div style=\"text-align: center;\">natureza morta<\/div>\n<div style=\"text-align: center;\">bilhete mofado<\/div>\n<div style=\"text-align: center;\">contracanto<\/div>\n<div style=\"text-align: center;\">gabiroba<\/div>\n<div style=\"text-align: center;\">nobre almirante<\/div>\n<div style=\"text-align: center;\">lampi\u00e3o<\/div>\n<div style=\"text-align: center;\">melhor de tr\u00eas<\/div>\n<div style=\"text-align: center;\">decotado<\/div>\n<div style=\"text-align: center;\">p\u00f3 de madeira<\/div>\n<div style=\"text-align: center;\"><\/div>\n<div style=\"text-align: center;\">.<\/div>\n","protected":false},"excerpt":{"rendered":"<p>Ol\u00e1 amigos cultos e ocultos! Tenho hoje para voc\u00eas um disco muito bacana, produ\u00e7\u00e3o independente feita aqui nas Geraes. Trata-se do primeiro e \u00fanico disco do grupo Mambembe, formado em Belo Horizonte, em 1974. Durante os anos 70 o Mambembe &hellip; <a href=\"https:\/\/www.toque-musicall.com\/?p=5337\">Continue lendo <span class=\"meta-nav\">&rarr;<\/span><\/a><\/p>\n","protected":false},"author":1,"featured_media":0,"comment_status":"open","ping_status":"closed","sticky":false,"template":"","format":"standard","meta":{"footnotes":""},"categories":[928,25],"tags":[],"class_list":["post-5337","post","type-post","status-publish","format-standard","hentry","category-grupo-mambembe","category-selo-independente"],"_links":{"self":[{"href":"https:\/\/www.toque-musicall.com\/index.php?rest_route=\/wp\/v2\/posts\/5337","targetHints":{"allow":["GET"]}}],"collection":[{"href":"https:\/\/www.toque-musicall.com\/index.php?rest_route=\/wp\/v2\/posts"}],"about":[{"href":"https:\/\/www.toque-musicall.com\/index.php?rest_route=\/wp\/v2\/types\/post"}],"author":[{"embeddable":true,"href":"https:\/\/www.toque-musicall.com\/index.php?rest_route=\/wp\/v2\/users\/1"}],"replies":[{"embeddable":true,"href":"https:\/\/www.toque-musicall.com\/index.php?rest_route=%2Fwp%2Fv2%2Fcomments&post=5337"}],"version-history":[{"count":2,"href":"https:\/\/www.toque-musicall.com\/index.php?rest_route=\/wp\/v2\/posts\/5337\/revisions"}],"predecessor-version":[{"id":5339,"href":"https:\/\/www.toque-musicall.com\/index.php?rest_route=\/wp\/v2\/posts\/5337\/revisions\/5339"}],"wp:attachment":[{"href":"https:\/\/www.toque-musicall.com\/index.php?rest_route=%2Fwp%2Fv2%2Fmedia&parent=5337"}],"wp:term":[{"taxonomy":"category","embeddable":true,"href":"https:\/\/www.toque-musicall.com\/index.php?rest_route=%2Fwp%2Fv2%2Fcategories&post=5337"},{"taxonomy":"post_tag","embeddable":true,"href":"https:\/\/www.toque-musicall.com\/index.php?rest_route=%2Fwp%2Fv2%2Ftags&post=5337"}],"curies":[{"name":"wp","href":"https:\/\/api.w.org\/{rel}","templated":true}]}}