{"id":5340,"date":"2015-12-18T19:12:20","date_gmt":"2015-12-18T21:12:20","guid":{"rendered":"http:\/\/www.toque-musicall.com\/?p=5340"},"modified":"2015-12-21T19:34:26","modified_gmt":"2015-12-21T21:34:26","slug":"achados-perdidos-1974","status":"publish","type":"post","link":"https:\/\/www.toque-musicall.com\/?p=5340","title":{"rendered":"Achados &#038; Perdidos (1974)"},"content":{"rendered":"<p><img loading=\"lazy\" decoding=\"async\" class=\"aligncenter\" src=\"http:\/\/2.bp.blogspot.com\/-_CUiq-Q68rA\/VnhZ7-aiPcI\/AAAAAAAAMew\/-8rBwsbn8ws\/s640\/capap.JPG\" alt=\"\" width=\"640\" height=\"640\" \/><img loading=\"lazy\" decoding=\"async\" class=\"aligncenter\" src=\"http:\/\/3.bp.blogspot.com\/-Q2N7Zhyn1pw\/VnhZ9p6yWJI\/AAAAAAAAMe4\/gn4vy9lMkAc\/s640\/contra%2Bp.JPG\" alt=\"\" width=\"640\" height=\"640\" \/><\/p>\n<p>Boa tarde, meus prezados amigos cultos e ocultos! Felizmente, neste fim de ano, consegui entrar no recesso. S\u00f3 volto ao trabalho em janeiro, que maravilha! Da\u00ed, aproveito para tentar colocar um pouco mais em dia as nossas postagens. Espero que daqui at\u00e9 o fim do ano a sequ\u00eancia de publica\u00e7\u00f5es seja di\u00e1ria. Tem um mont\u00e3o de discos aqui na fila e tamb\u00e9m nos meus &#8216;arquivos de gaveta&#8217;. Vamos logo pondo isso pra fora&#8230;<br \/>\nNa cola do sucesso do original\u00edssimo Secos &amp; Molhados nascia, tamb\u00e9m l\u00e1 pelos idos de 1973, um projeto musical chamado Achados &amp; Perdidos. Um nome bem sugestivo para um trio, idealizado por Edson Mello e encarnado por membros do grupo Os Diagonais. A ideia era criar um grupo pop vocal na linha dos S&amp;M, com os mesmo adere\u00e7os, roupas espalhafatosas, cabelos coloridos e uma m\u00fasica com os mesmo ingredientes da turma do Ney Matogrosso. Qualquer semelhan\u00e7a n\u00e3o \u00e9 mera coincid\u00eancia. Contudo, os diagonais Achados &amp; Perdidos, conseguiram fazer um bom trabalho, lan\u00e7ando em 1974 pela RCA, este lp. O disco fez um relativo sucesso na \u00e9poca com m\u00fasicas como, &#8220;Pinga col\u00edrio nessa paisagem&#8221;, &#8220;Eu e a Carolina&#8221;, &#8220;Festa dos bichos&#8221;e outras&#8230; Por\u00e9m, diferente dos Secos &amp; Molhados, ficaram apenas nesse \u00fanico disco. O \u00e1lbum original \u00e9 hoje uma preciosidade para colecionadores e ostentadores. No Discogs este lp original est\u00e1 contado h\u00e1 quase 500 reais. No Mercado Livre tem maluco achando que \u00e9 ouro e procurando um idiota que pague 1000 pratas. O disco \u00e9 realmente muito bom, mas por esses pre\u00e7os, eu prefiro ficar no mp3. Para os que ainda n\u00e3o conhecem, eis aqui a oportunidad<a href=\"http:\/\/depositfiles.com\/files\/6kb53h4q1\" target=\"_blank\">e<\/a>&#8230;<\/p>\n<div style=\"text-align: center;\">festa dos bichos<\/div>\n<div style=\"text-align: center;\">pinga col\u00edrio nessa paisagem<\/div>\n<div style=\"text-align: center;\">nervoso demais<\/div>\n<div style=\"text-align: center;\">cabe\u00e7a \u00f4ca<\/div>\n<div style=\"text-align: center;\">respeito muito o povo portugu\u00eas<\/div>\n<div style=\"text-align: center;\">esperando o dia vir<\/div>\n<div style=\"text-align: center;\">cowboy do cear\u00e1<\/div>\n<div style=\"text-align: center;\">p\u00e9s sujos, consci\u00eancia limpa1818<\/div>\n<div style=\"text-align: center;\">eu e a carolina<\/div>\n<div style=\"text-align: center;\">mem\u00f3rias<\/div>\n<div style=\"text-align: center;\">no fundo do ba\u00fa<\/div>\n<div style=\"text-align: center;\">\u00faltimo calango tango<\/div>\n<div><\/div>\n<div>.<\/div>\n","protected":false},"excerpt":{"rendered":"<p>Boa tarde, meus prezados amigos cultos e ocultos! Felizmente, neste fim de ano, consegui entrar no recesso. S\u00f3 volto ao trabalho em janeiro, que maravilha! Da\u00ed, aproveito para tentar colocar um pouco mais em dia as nossas postagens. Espero que &hellip; <a href=\"https:\/\/www.toque-musicall.com\/?p=5340\">Continue lendo <span class=\"meta-nav\">&rarr;<\/span><\/a><\/p>\n","protected":false},"author":1,"featured_media":0,"comment_status":"open","ping_status":"closed","sticky":false,"template":"","format":"standard","meta":{"footnotes":""},"categories":[2627,615],"tags":[],"class_list":["post-5340","post","type-post","status-publish","format-standard","hentry","category-achados-perdidos","category-selo-rca-vik"],"_links":{"self":[{"href":"https:\/\/www.toque-musicall.com\/index.php?rest_route=\/wp\/v2\/posts\/5340","targetHints":{"allow":["GET"]}}],"collection":[{"href":"https:\/\/www.toque-musicall.com\/index.php?rest_route=\/wp\/v2\/posts"}],"about":[{"href":"https:\/\/www.toque-musicall.com\/index.php?rest_route=\/wp\/v2\/types\/post"}],"author":[{"embeddable":true,"href":"https:\/\/www.toque-musicall.com\/index.php?rest_route=\/wp\/v2\/users\/1"}],"replies":[{"embeddable":true,"href":"https:\/\/www.toque-musicall.com\/index.php?rest_route=%2Fwp%2Fv2%2Fcomments&post=5340"}],"version-history":[{"count":2,"href":"https:\/\/www.toque-musicall.com\/index.php?rest_route=\/wp\/v2\/posts\/5340\/revisions"}],"predecessor-version":[{"id":5342,"href":"https:\/\/www.toque-musicall.com\/index.php?rest_route=\/wp\/v2\/posts\/5340\/revisions\/5342"}],"wp:attachment":[{"href":"https:\/\/www.toque-musicall.com\/index.php?rest_route=%2Fwp%2Fv2%2Fmedia&parent=5340"}],"wp:term":[{"taxonomy":"category","embeddable":true,"href":"https:\/\/www.toque-musicall.com\/index.php?rest_route=%2Fwp%2Fv2%2Fcategories&post=5340"},{"taxonomy":"post_tag","embeddable":true,"href":"https:\/\/www.toque-musicall.com\/index.php?rest_route=%2Fwp%2Fv2%2Ftags&post=5340"}],"curies":[{"name":"wp","href":"https:\/\/api.w.org\/{rel}","templated":true}]}}