{"id":5345,"date":"2015-12-19T20:11:25","date_gmt":"2015-12-19T22:11:25","guid":{"rendered":"http:\/\/www.toque-musicall.com\/?p=5345"},"modified":"2015-12-22T21:52:21","modified_gmt":"2015-12-22T23:52:21","slug":"waltel-branco-cia-mancini-tambem-e-samba-1966","status":"publish","type":"post","link":"https:\/\/www.toque-musicall.com\/?p=5345","title":{"rendered":"Waltel Branco &#038; Cia &#8211; Mancini Tamb\u00e9m \u00c9 Samba (1966)"},"content":{"rendered":"<p><img loading=\"lazy\" decoding=\"async\" class=\"aligncenter\" src=\"http:\/\/3.bp.blogspot.com\/-ng0Xmui34OM\/Vnl4U14tzUI\/AAAAAAAAMfM\/6OdBXYcrcSs\/s640\/capap.JPG\" alt=\"\" width=\"640\" height=\"634\" \/><img loading=\"lazy\" decoding=\"async\" class=\"aligncenter\" src=\"http:\/\/2.bp.blogspot.com\/-VMmyjKM69WI\/Vnl4VLFaOhI\/AAAAAAAAMfQ\/MYPURimmjjE\/s640\/contrap.JPG\" alt=\"\" width=\"640\" height=\"636\" \/><\/p>\n<p>Ol\u00e1. meus queridos amigos cultos e ocultos! Hoje eu estou trazendo mais um daqueles discos que ficaram na fila de espera. No caso espec\u00edfico deste lp, me faltou a lembran\u00e7a de fotografar, como de costume, tamb\u00e9m os selos do disco. Como eu j\u00e1 o havia vendido para um colecionador, fiquei com a c\u00f3pia incompleta, esperando at\u00e9 que outro aparecesse em minha reta. Mas este \u00e9 um \u00e1lbum dif\u00edcil de achar. Vendi por 200 pratas h\u00e1 quase dois anos. Foi na \u00e9poca um excelente neg\u00f3cio, mas confesso que hoje me arrependo&#8230; \u00a0N\u00e3o consegui os selos, mas o disco est\u00e1 a\u00ed. Estamos falando de um lp dos mais interessantes da safra nacional nos anos 60. Temos aqui a m\u00fasica do genial compositor americano, Henry Mancini, autor de grandes temas e trilhas do cinema, aqui interpretado em ritmo de samba por um time de m\u00fasicos brasileiros de primeir\u00edssima linha, vejam na contracapa. Sob a dire\u00e7\u00e3o de Waltel Branco, que tamb\u00e9m \u00e9 respons\u00e1vel pelos arranjos e reg\u00eancia, desfilam 12 grandes sucessos, numa releitura em ritmo de samba, bossa&#8230; que \u00e9 o que acaba virando. Apenas &#8216;Peter Gunn&#8217; e o &#8216;Tema da Pantera Cor de Rosa&#8217; ficaram meio assim&#8230; meio jazz. Mas enfim, \u00e9 um disc\u00e3o, merece muto ser ouvid<a href=\"http:\/\/depositfiles.com\/files\/sp7gzsegz\" target=\"_blank\">o<\/a>.<\/p>\n<div style=\"text-align: center;\">peter gunn<\/div>\n<div style=\"text-align: center;\">lightly<\/div>\n<div style=\"text-align: center;\">my manne shelly<\/div>\n<div style=\"text-align: center;\">moon river<\/div>\n<div style=\"text-align: center;\">something for sellers<\/div>\n<div style=\"text-align: center;\">not from dixie<\/div>\n<div style=\"text-align: center;\">mr lucky<\/div>\n<div style=\"text-align: center;\">dear heart<\/div>\n<div style=\"text-align: center;\">the pink panther theme<\/div>\n<div style=\"text-align: center;\">sorta blue<\/div>\n<div style=\"text-align: center;\">meglio stasera<\/div>\n<div style=\"text-align: center;\">meg\u00e9ve<\/div>\n<div style=\"text-align: center;\"><\/div>\n<div style=\"text-align: center;\">.<\/div>\n","protected":false},"excerpt":{"rendered":"<p>Ol\u00e1. meus queridos amigos cultos e ocultos! Hoje eu estou trazendo mais um daqueles discos que ficaram na fila de espera. No caso espec\u00edfico deste lp, me faltou a lembran\u00e7a de fotografar, como de costume, tamb\u00e9m os selos do disco. &hellip; <a href=\"https:\/\/www.toque-musicall.com\/?p=5345\">Continue lendo <span class=\"meta-nav\">&rarr;<\/span><\/a><\/p>\n","protected":false},"author":1,"featured_media":0,"comment_status":"open","ping_status":"closed","sticky":false,"template":"","format":"standard","meta":{"footnotes":""},"categories":[2628,2356],"tags":[],"class_list":["post-5345","post","type-post","status-publish","format-standard","hentry","category-henry-mancini","category-waltel-branco"],"_links":{"self":[{"href":"https:\/\/www.toque-musicall.com\/index.php?rest_route=\/wp\/v2\/posts\/5345","targetHints":{"allow":["GET"]}}],"collection":[{"href":"https:\/\/www.toque-musicall.com\/index.php?rest_route=\/wp\/v2\/posts"}],"about":[{"href":"https:\/\/www.toque-musicall.com\/index.php?rest_route=\/wp\/v2\/types\/post"}],"author":[{"embeddable":true,"href":"https:\/\/www.toque-musicall.com\/index.php?rest_route=\/wp\/v2\/users\/1"}],"replies":[{"embeddable":true,"href":"https:\/\/www.toque-musicall.com\/index.php?rest_route=%2Fwp%2Fv2%2Fcomments&post=5345"}],"version-history":[{"count":2,"href":"https:\/\/www.toque-musicall.com\/index.php?rest_route=\/wp\/v2\/posts\/5345\/revisions"}],"predecessor-version":[{"id":5347,"href":"https:\/\/www.toque-musicall.com\/index.php?rest_route=\/wp\/v2\/posts\/5345\/revisions\/5347"}],"wp:attachment":[{"href":"https:\/\/www.toque-musicall.com\/index.php?rest_route=%2Fwp%2Fv2%2Fmedia&parent=5345"}],"wp:term":[{"taxonomy":"category","embeddable":true,"href":"https:\/\/www.toque-musicall.com\/index.php?rest_route=%2Fwp%2Fv2%2Fcategories&post=5345"},{"taxonomy":"post_tag","embeddable":true,"href":"https:\/\/www.toque-musicall.com\/index.php?rest_route=%2Fwp%2Fv2%2Ftags&post=5345"}],"curies":[{"name":"wp","href":"https:\/\/api.w.org\/{rel}","templated":true}]}}