{"id":5348,"date":"2015-12-21T00:32:22","date_gmt":"2015-12-21T02:32:22","guid":{"rendered":"http:\/\/www.toque-musicall.com\/?p=5348"},"modified":"2015-12-23T08:55:28","modified_gmt":"2015-12-23T10:55:28","slug":"os-violinistas-de-copacabana-cordas-magicas-1960","status":"publish","type":"post","link":"https:\/\/www.toque-musicall.com\/?p=5348","title":{"rendered":"Os Violinistas De Copacabana &#8211; Cordas M\u00e1gicas (1960)"},"content":{"rendered":"<p><img loading=\"lazy\" decoding=\"async\" class=\"aligncenter\" src=\"http:\/\/1.bp.blogspot.com\/-ihzNoW6_qoc\/Vnn6A8T5ztI\/AAAAAAAAMfs\/KgRg_hc4kLI\/s640\/capap.JPG\" alt=\"\" width=\"640\" height=\"636\" \/><img loading=\"lazy\" decoding=\"async\" class=\"aligncenter\" src=\"http:\/\/2.bp.blogspot.com\/-IEO-NyNvaHY\/Vnn5_LqrUII\/AAAAAAAAMfk\/UAgmu77tvPA\/s640\/viloinistas%2B%25281%2529p.JPG\" alt=\"\" width=\"640\" height=\"636\" \/><\/p>\n<p>Hoje o Toque Musical\u00a0 oferece a seus amigos cultos, ocultos e associados um \u00e1lbum dos Violinistas de Copacabana, ao que parece o \u00fanico. Foi lan\u00e7ado em 1960 pela Copacabana, evidentemente, com produ\u00e7\u00e3o caprichada. O texto de contracapa foi escrito por Irany Pinto, n\u00e3o por acaso um dos melhores violinistas de seu tempo, com v\u00e1rios discos gravados. E os Violinistas de Copacabana t\u00eam o apoio de outros instrumentistas de quilate, destacando-se Abel Ferreira ao saxofone, e o pianista Chaim Lewak. O repert\u00f3rio \u00e9 igualmente muito bem cuidado, apresentando pe\u00e7as cl\u00e1ssicas em ritmo popular (como \u201cOlhos negros\u201d, can\u00e7\u00e3o popular russa, em ritmo de bolero, assim como \u201cBarqueiros do Volga\u201d, a \u201cSerenata\u201d de Toseli\u00a0\u00a0 a \u201cMeditation\u201d de Massenet e a \u201cR\u00eaverie\u201d de Schumann, \u201cMelodia in F\u201d, de Arthur Rubinstein, em ritmo de rumba, e as \u201cCzardas\u201d em ritmo de fox). A famosa modinha \u201cQuem sabe?\u201d, de Carlos Gomes (\u201cT\u00e3o longe, de mim distante\u201d&#8230;) tamb\u00e9m virou bolero aqui. Completando o repert\u00f3rio, o cl\u00e1ssico \u201cCopacabana\u201d, de Braguinha e Alberto Ribeiro, e um bolero-beguine de autoria de outra not\u00f3ria instrumentista, Lina Pesce, \u201cCanci\u00f3n de mi alma\u201d, n\u00e3o por acaso lan\u00e7ado em 1958 pelo contracapista do \u00e1lbum, Irany Pinto, claro que em solo de violino. As orquestra\u00e7\u00f5es ficaram por conta de Gustavo Carvalho, no lado A, e Leal Brito (creio que seja o pianista e compositor Britinho), no lado B. Mas o destaque fica por conta do regente. \u00c9 nada mais, nada menos que o maestro M\u00e1rio Tavares, potiguar de Natal, nascido em 18 de abril de 1928. Para ele, \u201cm\u00fasica boa \u00e9 m\u00fasica bem feita\u201d, o que define uma carreira que nunca se prendeu a qualquer r\u00f3tulo, sem barreiras entre o erudito e o popular. Desde cedo, M\u00e1rio Tavares foi incentivado a ser m\u00fasico, e aos 8 anos ganhou um violoncelo\u00a0 de sua av\u00f3, Am\u00e9lia. Aos 12, j\u00e1 integrava a orquestra de sal\u00e3o da R\u00e1dio Educadora de Natal, dirigida por dois Carlos, o Lamas e o Faracchi. Em 1944, aos 16 anos, j\u00e1 residindo no Recife, Tavares ingressa na Orquestra Sinf\u00f4nica da capital pernambucana, criada tr\u00eas anos antes por Vicente Fittipaldi. Ali, foi influenciado pelo frevo, tornando-se amigo de um aut\u00eantico mestre do g\u00eanero, N\u00e9lson Ferreira. Em 1947, M\u00e1rio Tavares viaja para o Rio de Janeiro, a fim de concorrer a uma vaga de violoncelista na Orquestra Sinf\u00f4nica Brasileira, sendo devidamente aprovado e contratado,em abril desse ano, permanecendo na OSB at\u00e9 1960, quando tornou-se maestro titular da Orquestra Sinf\u00f4nica do Teatro Municipal do Rio. Tavares tamb\u00e9m fez carreira internacional bem-sucedida, apresentando-se na Alemanha, EUA, Portugal, Porto Rico, Chile, Col\u00f4mbia, Peru, Rom\u00eania e Bulg\u00e1ria. Considerado o melhor int\u00e9rprete da obra orquestral de Heitor Villa-Lobos, M\u00e1rio Tavares, atuaria igualmente na televis\u00e3o, com produ\u00e7\u00f5es musicais para as redes Globo e Manchete. Ocupou a cadeira n\u00famero 30 da Academia Brasileira de M\u00fasica, cujo patrono \u00e9 o compositor Alberto Nepomuceno. M\u00e1rio Tavares faleceu em 5 de fevereiro de 2003, no Rio de Janeiro, aos 74 anos, de c\u00e2ncer, e sua presen\u00e7a como regente credencia, e muito, este \u00e1lbum dos Violinistas de Copacabana, elogiado inclusive pela se\u00e7\u00e3o \u201cEsquina sonora\u201d, do jornal carioca \u201cCorreio da Manh\u00e3\u201d, quando de seu lan\u00e7amento,por volta de setembro de 1960. Um disc\u00e3<a href=\"http:\/\/depositfiles.org\/files\/1xt4py6nv\" target=\"_blank\">o<\/a>!<\/p>\n<p style=\"text-align: center;\">copacabana<\/p>\n<p style=\"text-align: center;\">serenata<\/p>\n<p style=\"text-align: center;\">meditation<\/p>\n<p style=\"text-align: center;\">cancion de mi alma<\/p>\n<p style=\"text-align: center;\">czardas<\/p>\n<p style=\"text-align: center;\">reverie<\/p>\n<p style=\"text-align: center;\">quem sabe<\/p>\n<p style=\"text-align: center;\">olhos negros<\/p>\n<p style=\"text-align: center;\">melodia in f<\/p>\n<p style=\"text-align: center;\">os barqueiros do volga<\/p>\n<p>* Texto de Samuel Machado Filho<\/p>\n","protected":false},"excerpt":{"rendered":"<p>Hoje o Toque Musical\u00a0 oferece a seus amigos cultos, ocultos e associados um \u00e1lbum dos Violinistas de Copacabana, ao que parece o \u00fanico. Foi lan\u00e7ado em 1960 pela Copacabana, evidentemente, com produ\u00e7\u00e3o caprichada. O texto de contracapa foi escrito por &hellip; <a href=\"https:\/\/www.toque-musicall.com\/?p=5348\">Continue lendo <span class=\"meta-nav\">&rarr;<\/span><\/a><\/p>\n","protected":false},"author":1,"featured_media":0,"comment_status":"open","ping_status":"closed","sticky":false,"template":"","format":"standard","meta":{"footnotes":""},"categories":[125,2629,152],"tags":[],"class_list":["post-5348","post","type-post","status-publish","format-standard","hentry","category-abel-ferreira","category-os-violinistas-de-copacabana","category-selo-copacabana"],"_links":{"self":[{"href":"https:\/\/www.toque-musicall.com\/index.php?rest_route=\/wp\/v2\/posts\/5348","targetHints":{"allow":["GET"]}}],"collection":[{"href":"https:\/\/www.toque-musicall.com\/index.php?rest_route=\/wp\/v2\/posts"}],"about":[{"href":"https:\/\/www.toque-musicall.com\/index.php?rest_route=\/wp\/v2\/types\/post"}],"author":[{"embeddable":true,"href":"https:\/\/www.toque-musicall.com\/index.php?rest_route=\/wp\/v2\/users\/1"}],"replies":[{"embeddable":true,"href":"https:\/\/www.toque-musicall.com\/index.php?rest_route=%2Fwp%2Fv2%2Fcomments&post=5348"}],"version-history":[{"count":2,"href":"https:\/\/www.toque-musicall.com\/index.php?rest_route=\/wp\/v2\/posts\/5348\/revisions"}],"predecessor-version":[{"id":5350,"href":"https:\/\/www.toque-musicall.com\/index.php?rest_route=\/wp\/v2\/posts\/5348\/revisions\/5350"}],"wp:attachment":[{"href":"https:\/\/www.toque-musicall.com\/index.php?rest_route=%2Fwp%2Fv2%2Fmedia&parent=5348"}],"wp:term":[{"taxonomy":"category","embeddable":true,"href":"https:\/\/www.toque-musicall.com\/index.php?rest_route=%2Fwp%2Fv2%2Fcategories&post=5348"},{"taxonomy":"post_tag","embeddable":true,"href":"https:\/\/www.toque-musicall.com\/index.php?rest_route=%2Fwp%2Fv2%2Ftags&post=5348"}],"curies":[{"name":"wp","href":"https:\/\/api.w.org\/{rel}","templated":true}]}}