{"id":5354,"date":"2015-12-23T18:34:09","date_gmt":"2015-12-23T20:34:09","guid":{"rendered":"http:\/\/www.toque-musicall.com\/?p=5354"},"modified":"2015-12-23T18:34:09","modified_gmt":"2015-12-23T20:34:09","slug":"coro-da-associacao-de-canto-coral-o-natal-voce-e-sua-familia-1963","status":"publish","type":"post","link":"https:\/\/www.toque-musicall.com\/?p=5354","title":{"rendered":"Coro Da Associa\u00e7\u00e3o De Canto Coral &#8211; O Natal Voc\u00ea E Sua Fam\u00edlia (1963)"},"content":{"rendered":"<p><img loading=\"lazy\" decoding=\"async\" class=\"aligncenter\" src=\"http:\/\/4.bp.blogspot.com\/-v8uPLh56Tpg\/Vnr0Cgccc2I\/AAAAAAAAMgs\/4Ol4ajU-c6o\/s640\/capap.JPG\" alt=\"\" width=\"640\" height=\"639\" \/><img loading=\"lazy\" decoding=\"async\" class=\"aligncenter\" src=\"http:\/\/4.bp.blogspot.com\/-PJRZOITcKXA\/Vnr0CgmbiYI\/AAAAAAAAMgw\/up6YBhw11HY\/s640\/cotnrap.JPG\" alt=\"\" width=\"640\" height=\"624\" \/><\/p>\n<p>Ol\u00e1, meus amigos cultos e ocultos! Para que voc\u00eas possam ter tempo para baixar e ouvir, estou postando o disco natalino com anteced\u00eancia. Como disse anteriormente, na postagem de ontem, para este Natal s\u00f3 v\u00e3o rolar esses dois discos, o compacto de Boas Festas, de ontem e agora este bel\u00edssimo lp lan\u00e7ado pela Odeon em 1963, apresentando o c\u00f4ro da Associa\u00e7\u00e3o de Canto Coral, do Rio de Janeiro. Embora tenhamos aquele sempre mesmo repert\u00f3rio, vale a pena conhecer as diferentes interpreta\u00e7\u00f5es. Um disco realmente muito bonito, que ca\u00ed como uma luva durante a ceia de Natal.<br \/>\nDesde de j\u00e1 eu deixo aqui as minhas sauda\u00e7\u00f5es a todos. Que os amigos cultos e ocultos tenham nessa noite junto aos seus, um encontro de paz, fraternidade e amo<a href=\"http:\/\/depositfiles.com\/files\/fos9je12l\" target=\"_blank\">r<\/a>.<\/p>\n<div style=\"text-align: center;\">sino de bel\u00e9m<\/div>\n<div style=\"text-align: center;\">canta o galo<\/div>\n<div style=\"text-align: center;\">gloria in excelsis deo<\/div>\n<div style=\"text-align: center;\">adeste fidelis<\/div>\n<div style=\"text-align: center;\">cantam anjos l\u00e1 no c\u00e9u<\/div>\n<div style=\"text-align: center;\">meia noite,crist\u00e3os<\/div>\n<div style=\"text-align: center;\">a lapinha<\/div>\n<div style=\"text-align: center;\">pequena vila de bel\u00e9m<\/div>\n<div style=\"text-align: center;\">noite feliz<\/div>\n<div style=\"text-align: center;\">hosana hosana<\/div>\n<div style=\"text-align: center;\">primeiro natal<\/div>\n<div style=\"text-align: center;\">noite de natal<\/div>\n<div style=\"text-align: center;\"><\/div>\n<div style=\"text-align: center;\">.<\/div>\n","protected":false},"excerpt":{"rendered":"<p>Ol\u00e1, meus amigos cultos e ocultos! Para que voc\u00eas possam ter tempo para baixar e ouvir, estou postando o disco natalino com anteced\u00eancia. Como disse anteriormente, na postagem de ontem, para este Natal s\u00f3 v\u00e3o rolar esses dois discos, o &hellip; <a href=\"https:\/\/www.toque-musicall.com\/?p=5354\">Continue lendo <span class=\"meta-nav\">&rarr;<\/span><\/a><\/p>\n","protected":false},"author":1,"featured_media":0,"comment_status":"open","ping_status":"closed","sticky":false,"template":"","format":"standard","meta":{"footnotes":""},"categories":[2630,86],"tags":[],"class_list":["post-5354","post","type-post","status-publish","format-standard","hentry","category-coro-da-associacao-canto-coral","category-selo-odeon"],"_links":{"self":[{"href":"https:\/\/www.toque-musicall.com\/index.php?rest_route=\/wp\/v2\/posts\/5354","targetHints":{"allow":["GET"]}}],"collection":[{"href":"https:\/\/www.toque-musicall.com\/index.php?rest_route=\/wp\/v2\/posts"}],"about":[{"href":"https:\/\/www.toque-musicall.com\/index.php?rest_route=\/wp\/v2\/types\/post"}],"author":[{"embeddable":true,"href":"https:\/\/www.toque-musicall.com\/index.php?rest_route=\/wp\/v2\/users\/1"}],"replies":[{"embeddable":true,"href":"https:\/\/www.toque-musicall.com\/index.php?rest_route=%2Fwp%2Fv2%2Fcomments&post=5354"}],"version-history":[{"count":1,"href":"https:\/\/www.toque-musicall.com\/index.php?rest_route=\/wp\/v2\/posts\/5354\/revisions"}],"predecessor-version":[{"id":5355,"href":"https:\/\/www.toque-musicall.com\/index.php?rest_route=\/wp\/v2\/posts\/5354\/revisions\/5355"}],"wp:attachment":[{"href":"https:\/\/www.toque-musicall.com\/index.php?rest_route=%2Fwp%2Fv2%2Fmedia&parent=5354"}],"wp:term":[{"taxonomy":"category","embeddable":true,"href":"https:\/\/www.toque-musicall.com\/index.php?rest_route=%2Fwp%2Fv2%2Fcategories&post=5354"},{"taxonomy":"post_tag","embeddable":true,"href":"https:\/\/www.toque-musicall.com\/index.php?rest_route=%2Fwp%2Fv2%2Ftags&post=5354"}],"curies":[{"name":"wp","href":"https:\/\/api.w.org\/{rel}","templated":true}]}}