{"id":536,"date":"2011-03-03T10:17:00","date_gmt":"2011-03-03T10:17:00","guid":{"rendered":"http:\/\/www.toque-musicall.com\/?p=536"},"modified":"2011-03-03T10:17:00","modified_gmt":"2011-03-03T10:17:00","slug":"carlos-jose-revelacao-1958","status":"publish","type":"post","link":"https:\/\/www.toque-musicall.com\/?p=536","title":{"rendered":"Carlos Jos\u00e9 &#8211; Revela\u00e7\u00e3o (1958)"},"content":{"rendered":"<p><a href=\"http:\/\/3.bp.blogspot.com\/-c74dWniDm6w\/TW9q3hPPo8I\/AAAAAAAAHws\/5xkyZEHkbyA\/s1600\/carlos+jos%25C3%25A9+P.JPG\"><img decoding=\"async\" style=\"text-align: center; margin: 0px auto 10px; width: 400px; display: block; height: 398px;\" id=\"BLOGGER_PHOTO_ID_5579795965382992834\" alt=\"\" src=\"http:\/\/3.bp.blogspot.com\/-c74dWniDm6w\/TW9q3hPPo8I\/AAAAAAAAHws\/5xkyZEHkbyA\/s400\/carlos+jos%25C3%25A9+P.JPG\" border=\"0\" \/><\/a> Bom noite, amigos cultos e ocultos! Vou aos poucos voltando a normalidade, depois de alguns dias meio pra baixo. M\u00fasica \u00e9 mesmo um santo rem\u00e9dio. Quem tem a m\u00fasica a seu lado nunca est\u00e1 sozinho. Acho que \u00e9 por isso que eu tenho tantos amigos \ud83d\ude42<br \/>Antes que seja decretado o Carnaval e caia todo mundo na folia, eu vou at\u00e9 sexta mantendo o mesmo ritmo. Talvez, a partir de s\u00e1bado eu comece a postar alguma coisa relacionada \u00e0 festa. Por enquanto, vamos de raridades e outras curiosidades. Tenho aqui o primeiro lp do cantor e seresteiro Carlos Jos\u00e9. Dono de uma voz vigorosa, foi o cantor revela\u00e7\u00e3o do ano de 1957, descoberto e apoiado pelo pol\u00eamico apresentador Fl\u00e1vio Cavalcanti. Estreou muito bem em disco com um 78 rpm, trazendo duas grandes m\u00fasicas, &#8220;Foi a noite&#8221; de Antonio Carlos Jobim e Newton Mendon\u00e7a e &#8220;Ou\u00e7a&#8221; de Maysa. O sucesso deste lan\u00e7amento deu a ele a oportunidade de, no ano seguinte, gravar pelo mesmo selo Polydor, este que foi o seu primeiro lp. Come\u00e7ou mesmo muito bem, com um repert\u00f3rio fino e selecionado.<br \/>Aqui podemos encontrar, al\u00e9m das duas m\u00fasicas gravadas anteriormente na bolacha de 78, uma s\u00e9rie de boa m\u00e9dia. Do lado A temos &#8220;Eu e Deus&#8221;, de Evaldo Gouveia e Pedro Caetano; &#8220;Se algu\u00e9m telefonar, de Alcyr Pires Vermelho e Jair Amorim, m\u00fasica esta premiada no 1\u00ba Festival da Penha; &#8220;O amor acontece&#8221;, de Celso e Fl\u00e1vio Cavalcanti; &#8220;Aula de matem\u00e1tica&#8221; (Bossa Nova de primeira m\u00e3o), de Antonio Carlos Jobim e Marino Pinto; a bel\u00edssima &#8220;S\u00f3 louco&#8221;, de Dorival Caymmi e &#8220;Ou\u00e7a&#8221; de Maysa. No lado B vamos encontrar tamb\u00e9m um bom repert\u00f3rio, com &#8220;Can\u00e7\u00e3o da volta&#8221;, de Ismael Neto e Antonio Maria; &#8220;Viva meu samba&#8221;, Billy Blanco; &#8220;Eu n\u00e3o existo sem voc\u00ea&#8221;, outra de Tom Jobim com Vinicius de Moraes; &#8220;Oferta&#8221;, m\u00fasica do pr\u00f3prio cantor; &#8220;Laura&#8221;, de Alcyr Pires Vermelho e Braguinha. Finalizando o disco, mais uma vez com Tom Jobim em parceria com Newton Mendon\u00e7a, na bel\u00edssima &#8220;Foi a noite&#8221;. Vamos conferir? \ud83d\ude09<br \/>.<\/p>\n<div align=\"center\">eu e deus<\/div>\n<div align=\"center\">se algu\u00e9m telefonar<\/div>\n<div align=\"center\">o amor acontece<\/div>\n<div align=\"center\">aula de matem\u00e1tica<\/div>\n<div align=\"center\">s\u00f3 louco<\/div>\n<div align=\"center\">ou\u00e7a<\/div>\n<div align=\"center\">can\u00e7\u00e3o da volta<\/div>\n<div align=\"center\">viva meu samba<\/div>\n<div align=\"center\">eu n\u00e3o existo sem voc\u00ea<\/div>\n<div align=\"center\">oferta<\/div>\n<div align=\"center\">laura<\/div>\n<div align=\"center\">foi a noite<\/div>\n<p><\/p>\n<div align=\"center\"><\/div>\n<p><\/p>\n<div align=\"center\"><\/div>\n","protected":false},"excerpt":{"rendered":"<p>Bom noite, amigos cultos e ocultos! Vou aos poucos voltando a normalidade, depois de alguns dias meio pra baixo. M\u00fasica \u00e9 mesmo um santo rem\u00e9dio. Quem tem a m\u00fasica a seu lado nunca est\u00e1 sozinho. Acho que \u00e9 por isso &hellip; <a href=\"https:\/\/www.toque-musicall.com\/?p=536\">Continue lendo <span class=\"meta-nav\">&rarr;<\/span><\/a><\/p>\n","protected":false},"author":1,"featured_media":0,"comment_status":"open","ping_status":"closed","sticky":false,"template":"","format":"standard","meta":{"footnotes":""},"categories":[835,146],"tags":[],"class_list":["post-536","post","type-post","status-publish","format-standard","hentry","category-carlos-jose","category-selo-polydor"],"_links":{"self":[{"href":"https:\/\/www.toque-musicall.com\/index.php?rest_route=\/wp\/v2\/posts\/536","targetHints":{"allow":["GET"]}}],"collection":[{"href":"https:\/\/www.toque-musicall.com\/index.php?rest_route=\/wp\/v2\/posts"}],"about":[{"href":"https:\/\/www.toque-musicall.com\/index.php?rest_route=\/wp\/v2\/types\/post"}],"author":[{"embeddable":true,"href":"https:\/\/www.toque-musicall.com\/index.php?rest_route=\/wp\/v2\/users\/1"}],"replies":[{"embeddable":true,"href":"https:\/\/www.toque-musicall.com\/index.php?rest_route=%2Fwp%2Fv2%2Fcomments&post=536"}],"version-history":[{"count":0,"href":"https:\/\/www.toque-musicall.com\/index.php?rest_route=\/wp\/v2\/posts\/536\/revisions"}],"wp:attachment":[{"href":"https:\/\/www.toque-musicall.com\/index.php?rest_route=%2Fwp%2Fv2%2Fmedia&parent=536"}],"wp:term":[{"taxonomy":"category","embeddable":true,"href":"https:\/\/www.toque-musicall.com\/index.php?rest_route=%2Fwp%2Fv2%2Fcategories&post=536"},{"taxonomy":"post_tag","embeddable":true,"href":"https:\/\/www.toque-musicall.com\/index.php?rest_route=%2Fwp%2Fv2%2Ftags&post=536"}],"curies":[{"name":"wp","href":"https:\/\/api.w.org\/{rel}","templated":true}]}}