{"id":5363,"date":"2016-01-01T20:19:22","date_gmt":"2016-01-01T22:19:22","guid":{"rendered":"http:\/\/www.toque-musicall.com\/?p=5363"},"modified":"2016-01-01T20:20:03","modified_gmt":"2016-01-01T22:20:03","slug":"baden-powell-cordes-melancolie-1975","status":"publish","type":"post","link":"https:\/\/www.toque-musicall.com\/?p=5363","title":{"rendered":"Baden Powell + Cordes &#8211; M\u00e9lancolie (1975)"},"content":{"rendered":"<p><img loading=\"lazy\" decoding=\"async\" class=\"aligncenter\" src=\"http:\/\/2.bp.blogspot.com\/-vlPH-B-hMMo\/Vobwvi0WGmI\/AAAAAAAAMiY\/Lypv64KxML0\/s640\/capap.JPG\" alt=\"\" width=\"639\" height=\"640\" \/><img loading=\"lazy\" decoding=\"async\" class=\"aligncenter\" src=\"http:\/\/1.bp.blogspot.com\/-R1v9BN9CkXA\/VobwvlfCFHI\/AAAAAAAAMiU\/BqjyR0uVJrU\/s640\/intp.JPG\" alt=\"\" width=\"639\" height=\"640\" \/><\/p>\n<div class=\"separator\">Ol\u00e1 amigu\u00edssimos, cultos e ocultos! Aqui estamos n\u00f3s em 2016. Mais um ano que se inicia. Espero que seja mais iluminado, mais criativo em termos musicais. Que pelo menos isso nos salve e nos acalente por conta de tanta coisa coisa ruim nesse mundo e neste Brasil. Desejo que 2016 seja um ano de reflex\u00e3o, de ajustes e acertos. Que possamos continuar alimentando de boa m\u00fasica aqueles que a procuram. E foda-se pro resto&#8230; &#8220;bad music for bad people&#8221;.<\/div>\n<div class=\"separator\">Para come\u00e7ar bem o ano nada melhor que um trabalho de alt\u00edssima qualidade, um disco bom em todos os sentidos. Me refiro certamente a este &#8216;Melancolie&#8217;, lp lan\u00e7ado na Fran\u00e7a pelo nosso grande violonista Baden Powell. Um \u00e1lbum luxuoso, de capa dupla, grava\u00e7\u00e3o de primeira linha&#8230; edi\u00e7\u00e3o francesa, naturalmente, o aut\u00eantico lp de disc\u00f3filo colecionador. N\u00e3o sei se este disco chegou a se lan\u00e7ado aqui no Brasil. Por\u00e9m, em sua vers\u00e3o digital (CD), ele ganhou mais 4 m\u00fasicas. Um repert\u00f3rio maravilhoso, entre temas autorais, cl\u00e1ssicos da mpb e at\u00e9 uma m\u00fasica do contrabaixista Guy Pedersen, m\u00fasico que est\u00e1 sempre presente em seus discos franceses. Neste disco Baden canta e vem acompanhado por Guy Pedersen (baixo), Jean Arpino (bateria e percurss\u00e3o) e Janine de Waleyne que faz um belo vocaliza\u00e7\u00e3o. Os arranjos de cordas e reg\u00eancia s\u00e3o do maestro Jacques Denjean. Confira<a href=\"http:\/\/depositfiles.com\/files\/nj4g5b6ww\" target=\"_blank\">m<\/a>&#8230;<\/div>\n<div class=\"separator\" style=\"text-align: center;\"><\/div>\n<div class=\"separator\" style=\"text-align: center;\">ano e meio<\/div>\n<div class=\"separator\" style=\"text-align: center;\">se todos fossem iguais a voc\u00ea<\/div>\n<div class=\"separator\" style=\"text-align: center;\">midjao<\/div>\n<div class=\"separator\" style=\"text-align: center;\">acalanto das nonas<\/div>\n<div class=\"separator\" style=\"text-align: center;\">rosa maria<\/div>\n<div class=\"separator\" style=\"text-align: center;\">aos p\u00e9s da santa cruz<\/div>\n<div class=\"separator\" style=\"text-align: center;\">horizon<\/div>\n<div class=\"separator\" style=\"text-align: center;\">saudades da bahia<\/div>\n<div class=\"separator\" style=\"text-align: center;\"><\/div>\n<div class=\"separator\" style=\"text-align: center;\">.<\/div>\n","protected":false},"excerpt":{"rendered":"<p>Ol\u00e1 amigu\u00edssimos, cultos e ocultos! Aqui estamos n\u00f3s em 2016. Mais um ano que se inicia. Espero que seja mais iluminado, mais criativo em termos musicais. Que pelo menos isso nos salve e nos acalente por conta de tanta coisa &hellip; <a href=\"https:\/\/www.toque-musicall.com\/?p=5363\">Continue lendo <span class=\"meta-nav\">&rarr;<\/span><\/a><\/p>\n","protected":false},"author":1,"featured_media":0,"comment_status":"open","ping_status":"closed","sticky":false,"template":"","format":"standard","meta":{"footnotes":""},"categories":[391,775],"tags":[],"class_list":["post-5363","post","type-post","status-publish","format-standard","hentry","category-baden-powell","category-selo-festival"],"_links":{"self":[{"href":"https:\/\/www.toque-musicall.com\/index.php?rest_route=\/wp\/v2\/posts\/5363","targetHints":{"allow":["GET"]}}],"collection":[{"href":"https:\/\/www.toque-musicall.com\/index.php?rest_route=\/wp\/v2\/posts"}],"about":[{"href":"https:\/\/www.toque-musicall.com\/index.php?rest_route=\/wp\/v2\/types\/post"}],"author":[{"embeddable":true,"href":"https:\/\/www.toque-musicall.com\/index.php?rest_route=\/wp\/v2\/users\/1"}],"replies":[{"embeddable":true,"href":"https:\/\/www.toque-musicall.com\/index.php?rest_route=%2Fwp%2Fv2%2Fcomments&post=5363"}],"version-history":[{"count":2,"href":"https:\/\/www.toque-musicall.com\/index.php?rest_route=\/wp\/v2\/posts\/5363\/revisions"}],"predecessor-version":[{"id":5365,"href":"https:\/\/www.toque-musicall.com\/index.php?rest_route=\/wp\/v2\/posts\/5363\/revisions\/5365"}],"wp:attachment":[{"href":"https:\/\/www.toque-musicall.com\/index.php?rest_route=%2Fwp%2Fv2%2Fmedia&parent=5363"}],"wp:term":[{"taxonomy":"category","embeddable":true,"href":"https:\/\/www.toque-musicall.com\/index.php?rest_route=%2Fwp%2Fv2%2Fcategories&post=5363"},{"taxonomy":"post_tag","embeddable":true,"href":"https:\/\/www.toque-musicall.com\/index.php?rest_route=%2Fwp%2Fv2%2Ftags&post=5363"}],"curies":[{"name":"wp","href":"https:\/\/api.w.org\/{rel}","templated":true}]}}